{"id":18663,"date":"2025-07-05T14:16:16","date_gmt":"2025-07-05T18:16:16","guid":{"rendered":"https:\/\/www.focolaresciudadnueva.com\/inicio\/?p=18663"},"modified":"2025-07-09T08:21:48","modified_gmt":"2025-07-09T12:21:48","slug":"los-retos-de-ecuador-la-calidad-de-la-democracia","status":"publish","type":"post","link":"https:\/\/www.focolaresciudadnueva.com\/inicio\/los-retos-de-ecuador-la-calidad-de-la-democracia\/","title":{"rendered":"Los retos de Ecuador: la calidad de la democracia"},"content":{"rendered":"\n<p class=\"has-medium-font-size\"><\/p>\n\n\n\n<p class=\"has-medium-font-size\">La democracia puede ser definida de muchas maneras y desde distintos contextos. Sin embargo, en general ha habido una evoluci\u00f3n desde posiciones minimalistas-procedimentales, que ponen \u00e9nfasis en asegurar elecciones limpias y confiables, a otras que argumentan la importancia de la calidad de la democracia. Un ejemplo del primer tipo ser\u00eda el \u00edndice de Freedom House, que define a las democracias como sistemas pol\u00edticos competitivos y multi-partido, con sufragio universal para los adultos, con elecciones disputadas en las que el voto es secreto, que se realizan en un entorno de seguridad, en las que no existe fraude masivo, y en las que los partidos pol\u00edticos pueden hacer campa\u00f1a libremente(1)<\/p>\n\n\n\n<p class=\"has-medium-font-size\">La aproximaci\u00f3n cualitativa, por otro lado, pone \u00e9nfasis en las libertades civiles, el buen funcionamiento del gobierno, la participaci\u00f3n pol\u00edtica y la cultura pol\u00edtica. Desde esta perspectiva, una ciudadan\u00eda ap\u00e1tica o un gobierno que solamente acepta ciudadanos obedientes y d\u00f3ciles, no son democr\u00e1ticos. En particular, el tratamiento dado a la oposici\u00f3n es un buen indicador porque, en el fondo, la democracia consiste en tener gobiernos que respondan a sus ciudadanos consider\u00e1ndolos como iguales, independientemente de si votaron por ellos o no (2).<\/p>\n\n\n\n<p class=\"has-medium-font-size\"><strong>Un contexto complejo<\/strong><\/p>\n\n\n\n<p class=\"has-medium-font-size\">En el caso de Am\u00e9rica Latina, el deterioro democr\u00e1tico ha continuado en la \u00faltima d\u00e9cada, particularmente en relaci\u00f3n con la cultura pol\u00edtica; aunque tambi\u00e9n la calidad de las elecciones, el funcionamiento del gobierno, la participaci\u00f3n pol\u00edtica y las libertades civiles han sido afectadas. Solamente Costa Rica y Uruguay son usualmente consideradas democracias funcionales. Por otro lado, Cuba, Hait\u00ed, Nicaragua y Venezuela son reg\u00edmenes autoritarios (3) que organizan elecciones peri\u00f3dicas que, sin embargo, no aseguran el derecho de participar y oponerse. Son autocracias electorales (4). Los dem\u00e1s pa\u00edses se encuentran entre las democracias imperfectas y los reg\u00edmenes h\u00edbridos, que combinan caracter\u00edsticas de las democracias y de los sistemas autoritarios. (5)<\/p>\n\n\n\n<p class=\"has-medium-font-size\"><strong>Las elecciones de 2025<\/strong><\/p>\n\n\n\n<figure class=\"wp-block-image size-full\"><img fetchpriority=\"high\" decoding=\"async\" width=\"776\" height=\"314\" src=\"https:\/\/www.focolaresciudadnueva.com\/wp-content\/uploads\/2025\/07\/image-12.png\" alt=\"\" class=\"wp-image-18666\" srcset=\"https:\/\/www.focolaresciudadnueva.com\/wp-content\/uploads\/2025\/07\/image-12.png 776w, https:\/\/www.focolaresciudadnueva.com\/wp-content\/uploads\/2025\/07\/image-12-300x121.png 300w, https:\/\/www.focolaresciudadnueva.com\/wp-content\/uploads\/2025\/07\/image-12-768x311.png 768w, https:\/\/www.focolaresciudadnueva.com\/wp-content\/uploads\/2025\/07\/image-12-222x90.png 222w, https:\/\/www.focolaresciudadnueva.com\/wp-content\/uploads\/2025\/07\/image-12-750x303.png 750w\" sizes=\"(max-width: 776px) 100vw, 776px\" \/><\/figure>\n\n\n\n<p class=\"has-medium-font-size\">En este contexto, Ecuador es considerado un pa\u00eds de sistema h\u00edbrido que \u00absufre altos niveles de insatisfacci\u00f3n de los votantes y una cultura pol\u00edtica d\u00e9bil\u00bb, lo que lo coloca en riesgo de a\u00fan mayor polarizaci\u00f3n, violencia pol\u00edtica y caudillismo. (6)<\/p>\n\n\n\n<p class=\"has-medium-font-size\">Las elecciones llevadas a cabo en febrero (primera vuelta) y en abril (segunda) de este a\u00f1o, dieron por resultado la reelecci\u00f3n de Daniel Noboa, del Movimiento Acci\u00f3n Democr\u00e1tica Nacional, con 55.63% de los votos, superando a Luisa Gonz\u00e1lez, de la alianza Movimiento Revoluci\u00f3n Ciudadana \/ Movimiento RETO, quien obtuvo 44.37%. La elecci\u00f3n estuvo marcada por denuncias de fraude electoral por parte de Gonz\u00e1lez y su alianza, que no reconocieron los resultados y solicitaron un recuento (7), aunque el Consejo Nacional Electoral confirm\u00f3 la victoria de Noboa (8).<\/p>\n\n\n\n<p class=\"has-medium-font-size\">Noboa enfrent\u00f3 controversias por combinar sus funciones presidenciales con la campa\u00f1a de reelecci\u00f3n, delegando funciones en su secretaria de la Administraci\u00f3n P\u00fablica y Gabinete, lo que fue declarado inconstitucional por la Corte Constitucional.<\/p>\n\n\n\n<p class=\"has-medium-font-size\">Tras un ejercicio aleatorio de revisi\u00f3n de actas, la Misi\u00f3n de Observaci\u00f3n Electoral de la Organizaci\u00f3n de los Estados Americanos no encontr\u00f3 irregularidades generalizadas que comprometieran la validez de los resultados, confirmando la consistencia entre actas transmitidas, entregadas a partidos y devueltas en paquetes electorales (9).<\/p>\n\n\n\n<p class=\"has-medium-font-size\">Sin embargo, en v\u00edsperas de la segunda vuelta Noboa decret\u00f3 un estado de excepci\u00f3n para enfrentar la violencia y la inseguridad, mientras Gonz\u00e1lez pidi\u00f3 que las Fuerzas Armadas y la Polic\u00eda no interfirieran en el escrutinio, evidenciando la desconfianza en ellas (10). Las pol\u00edticas propuestas por ambos candidatos contra la violencia probaron la importancia de este problema en la agenda electoral, pero tambi\u00e9n los excesos perpetrados por las fuerzas armadas. En efecto, una cuesti\u00f3n altamente polarizante es la Ley *impulsada por Noboa que, de ser promulgada en los t\u00e9rminos en que fue recientemente votada, le dar\u00eda la prerrogativa de otorgar indultos anticipados a militares y polic\u00edas investigados por presuntas violaciones de derechos humanos (11). Esto ser\u00eda equivalente a perdonarlos de manera preventiva por si llegaran a cometer actos ilegales en la lucha contra la delincuencia, lo que ser\u00eda peligroso para todos.<\/p>\n\n\n\n<p class=\"has-medium-font-size\">Adicionalmente, la posibilidad de que Noboa convoque a una Asamblea Constituyente para hacer una constituci\u00f3n a la medida inquieta a la oposici\u00f3n, por los riesgos de retroceso en libertades fundamentales y la posible represi\u00f3n resultante, aunque ahora esto parece ser menos factible (12).<\/p>\n\n\n\n<p class=\"has-medium-font-size\"><strong>La democracia ecuatoriana<\/strong><\/p>\n\n\n\n<p class=\"has-medium-font-size\">Los retos del Ecuador son similares a los que enfrentan otros pa\u00edses latinoamericanos: la baja calidad de la democracia, su desvinculaci\u00f3n con los derechos humanos, la mayor polarizaci\u00f3n, la insatisfacci\u00f3n postelectoral, la violencia, el peligro de que las mayor\u00edas ignoren a las minor\u00edas. Como dicen los obispos del pa\u00eds, el desaf\u00edo es reconocer que s\u00f3lo la voz c\u00edvica deber\u00eda decidir el destino de los ecuatorianos, aunque esto es dif\u00edcil en un contexto complejo (13).<\/p>\n\n\n\n<p class=\"has-medium-font-size\"><em>Por Francisco Porras, Doctor en Pol\u00edtica y Estudios Internacionales &#8211; M\u00e9xico<\/em><\/p>\n\n\n\n<figure class=\"wp-block-image size-full\"><img decoding=\"async\" width=\"983\" height=\"449\" src=\"https:\/\/www.focolaresciudadnueva.com\/wp-content\/uploads\/2025\/07\/image-14.png\" alt=\"\" class=\"wp-image-18670\" srcset=\"https:\/\/www.focolaresciudadnueva.com\/wp-content\/uploads\/2025\/07\/image-14.png 983w, https:\/\/www.focolaresciudadnueva.com\/wp-content\/uploads\/2025\/07\/image-14-300x137.png 300w, https:\/\/www.focolaresciudadnueva.com\/wp-content\/uploads\/2025\/07\/image-14-768x351.png 768w, https:\/\/www.focolaresciudadnueva.com\/wp-content\/uploads\/2025\/07\/image-14-197x90.png 197w, https:\/\/www.focolaresciudadnueva.com\/wp-content\/uploads\/2025\/07\/image-14-750x343.png 750w\" sizes=\"(max-width: 983px) 100vw, 983px\" \/><\/figure>\n\n\n\n<p>1. https:\/\/freedomhouse.org\/.<\/p>\n\n\n\n<p>2. Dahl, R. A. (1972). Polyarchy. Participation and Opposition. New Haven:<\/p>\n\n\n\n<p>Yale University Press.<\/p>\n\n\n\n<p>3. EIU [The Economist Intelligence Unit] (2025). Democracy Index 2024.<\/p>\n\n\n\n<p>What&#8217;s Wrong with Representative Democracy? Londres: EIU.<\/p>\n\n\n\n<p>4. Nord, M., Altman, D., Angiolillo, F., Fernandes, T., Good God, A., y<\/p>\n\n\n\n<p>Lindberg, S. L. (2025). Democracy Report 2025: 25 Years of Autocratiza-ton. Democracy Trumped? University of Gothenburg: V-Dem Institute.<\/p>\n\n\n\n<p>5. EIU, op. cit.<\/p>\n\n\n\n<p>6. Ibid., p. 28.<\/p>\n\n\n\n<p>7. PerplexityAl. (2025). Perplexity [Modelo de lenguaje grande]. Disponible en https:\/\/www.perplexity.ai.<\/p>\n\n\n\n<p>8. https:\/\/app01.cne.gob.ec\/resultados2025-2V\/.<\/p>\n\n\n\n<p>g. https:\/\/www.oas.org\/fpdb\/press\/2025_MOE_Ecuador_Segunda_-<\/p>\n\n\n\n<p>Vuelta_Preliminar_ESP pdf.<\/p>\n\n\n\n<p>10. PerplexityAI, op. cit.<\/p>\n\n\n\n<p>11. https:\/\/www.swissinfo.ch\/spa\/noboa-podr%C3%A1-dar-indulto-an-ticipado-a-polic %C3% ADas-y-militares-en-% 22conflicto-armado %22-en-ecuador\/ 89487290.<\/p>\n\n\n\n<p>12. https:\/\/americaeconomica.com\/noticia\/ecuador\/asamblea-consti-tuyente-en-ecuador-la-promesa-electoral-que-fue-puesta-en-espera.html<\/p>\n\n\n\n<p>13. https:\/\/www.conferenciaepiscopal.ec\/images\/cee\/02-cliente\/des-cargas\/01-documentos\/LA%20VOZ%20DE%20LAS%20URNAS.pdf<\/p>\n","protected":false},"excerpt":{"rendered":"<p>En el caso de Am\u00e9rica Latina, el deterioro democr\u00e1tico ha continuado en la \u00faltima d\u00e9cada, particularmente en relaci\u00f3n con la cultura pol\u00edtica; aunque tambi\u00e9n la calidad de las elecciones, el funcionamiento del gobierno, la participaci\u00f3n pol\u00edtica y las libertades civiles han sido afectadas. <a href=\"https:\/\/www.focolaresciudadnueva.com\/inicio\/los-retos-de-ecuador-la-calidad-de-la-democracia\/\" class=\"more-link\">Continue reading <span class=\"screen-reader-text\">Los retos de Ecuador: la calidad de la democracia<\/span><\/a><\/p>\n","protected":false},"author":4,"featured_media":18668,"comment_status":"open","ping_status":"open","sticky":false,"template":"","format":"standard","meta":{"footnotes":""},"categories":[111,82],"tags":[],"class_list":["post-18663","post","type-post","status-publish","format-standard","has-post-thumbnail","hentry","category-ecuador","category-politica"],"wpmagazine_modules_lite_featured_media_urls":{"thumbnail":["https:\/\/www.focolaresciudadnueva.com\/wp-content\/uploads\/2025\/07\/image-13-150x150.png",150,150,true],"cvmm-medium":["https:\/\/www.focolaresciudadnueva.com\/wp-content\/uploads\/2025\/07\/image-13-300x300.png",300,300,true],"cvmm-medium-plus":["https:\/\/www.focolaresciudadnueva.com\/wp-content\/uploads\/2025\/07\/image-13-305x207.png",305,207,true],"cvmm-portrait":["https:\/\/www.focolaresciudadnueva.com\/wp-content\/uploads\/2025\/07\/image-13-400x449.png",400,449,true],"cvmm-medium-square":["https:\/\/www.focolaresciudadnueva.com\/wp-content\/uploads\/2025\/07\/image-13-600x449.png",600,449,true],"cvmm-large":["https:\/\/www.focolaresciudadnueva.com\/wp-content\/uploads\/2025\/07\/image-13.png",983,449,false],"cvmm-small":["https:\/\/www.focolaresciudadnueva.com\/wp-content\/uploads\/2025\/07\/image-13-130x95.png",130,95,true],"full":["https:\/\/www.focolaresciudadnueva.com\/wp-content\/uploads\/2025\/07\/image-13.png",983,449,false]},"categories_names":{"111":{"name":"Ecuador","link":"https:\/\/www.focolaresciudadnueva.com\/inicio\/category\/ecuador\/"},"82":{"name":"Pol\u00edtica","link":"https:\/\/www.focolaresciudadnueva.com\/inicio\/category\/politica\/"}},"tags_names":[],"comments_number":"0","_links":{"self":[{"href":"https:\/\/www.focolaresciudadnueva.com\/inicio\/wp-json\/wp\/v2\/posts\/18663","targetHints":{"allow":["GET"]}}],"collection":[{"href":"https:\/\/www.focolaresciudadnueva.com\/inicio\/wp-json\/wp\/v2\/posts"}],"about":[{"href":"https:\/\/www.focolaresciudadnueva.com\/inicio\/wp-json\/wp\/v2\/types\/post"}],"author":[{"embeddable":true,"href":"https:\/\/www.focolaresciudadnueva.com\/inicio\/wp-json\/wp\/v2\/users\/4"}],"replies":[{"embeddable":true,"href":"https:\/\/www.focolaresciudadnueva.com\/inicio\/wp-json\/wp\/v2\/comments?post=18663"}],"version-history":[{"count":3,"href":"https:\/\/www.focolaresciudadnueva.com\/inicio\/wp-json\/wp\/v2\/posts\/18663\/revisions"}],"predecessor-version":[{"id":18672,"href":"https:\/\/www.focolaresciudadnueva.com\/inicio\/wp-json\/wp\/v2\/posts\/18663\/revisions\/18672"}],"wp:featuredmedia":[{"embeddable":true,"href":"https:\/\/www.focolaresciudadnueva.com\/inicio\/wp-json\/wp\/v2\/media\/18668"}],"wp:attachment":[{"href":"https:\/\/www.focolaresciudadnueva.com\/inicio\/wp-json\/wp\/v2\/media?parent=18663"}],"wp:term":[{"taxonomy":"category","embeddable":true,"href":"https:\/\/www.focolaresciudadnueva.com\/inicio\/wp-json\/wp\/v2\/categories?post=18663"},{"taxonomy":"post_tag","embeddable":true,"href":"https:\/\/www.focolaresciudadnueva.com\/inicio\/wp-json\/wp\/v2\/tags?post=18663"}],"curies":[{"name":"wp","href":"https:\/\/api.w.org\/{rel}","templated":true}]}}