{"id":18039,"date":"2025-05-19T20:11:16","date_gmt":"2025-05-20T00:11:16","guid":{"rendered":"https:\/\/www.focolaresciudadnueva.com\/inicio\/?p=18039"},"modified":"2025-05-19T20:11:17","modified_gmt":"2025-05-20T00:11:17","slug":"el-papa-leon-xiv-se-encuentra-por-primera-vez-con-los-directivos-del-celam","status":"publish","type":"post","link":"https:\/\/www.focolaresciudadnueva.com\/inicio\/el-papa-leon-xiv-se-encuentra-por-primera-vez-con-los-directivos-del-celam\/","title":{"rendered":"El Papa Le\u00f3n XIV se encuentra por primera vez con los directivos del Celam"},"content":{"rendered":"\n<p><a href=\"https:\/\/adn.celam.org\/el-papa-leon-xiv-se-encuentra-por-primera-vez-con-los-directivos-del-celam\/\">\u00a0ADN CELAM<\/a><\/p>\n\n\n\n<p class=\"has-medium-font-size\"><strong><em>En la tarde del 15 de mayo, en la biblioteca del Palacio Apost\u00f3lico del Vaticano, el Papa Le\u00f3n XIV recibi\u00f3 en audiencia al Cardenal Jaime Spengler y a Mons. Lizardo Estrada, presidente y secretario general del Consejo Episcopal Latinoamericano (Celam), respectivamente, \u201cocasi\u00f3n en la cual le reiteraron el saludo de felicitaci\u00f3n, agradecimiento y la alegr\u00eda del episcopado latinoamericano y caribe\u00f1o por su reciente elecci\u00f3n, al tiempo que renovaron el compromiso de apoyo y colaboraci\u00f3n a su misi\u00f3n como sucesor de Pedro\u201d.<\/em><\/strong><\/p>\n\n\n\n<h3 class=\"wp-block-heading\"><strong>Asamblea General y COP30 en la agenda del Celam<\/strong><\/h3>\n\n\n\n<p class=\"has-medium-font-size\">El encuentro, marcado por la fraternidad y el esp\u00edritu de colegialidad y de sinodalidad, fue propicio para informar al obispo de Roma sobre los detalles de la 40.\u00ba Asamblea General Ordinaria del Celam que tendr\u00e1 lugar en R\u00edo de Janeiro (Brasil) entre el 27 y el 30 de mayo pr\u00f3ximos, cuando tambi\u00e9n se conmemorar\u00e1n los 70 a\u00f1os de la Primera Conferencia del Episcopado Latinoamericano y de la creaci\u00f3n del Celam.<\/p>\n\n\n\n<p class=\"has-medium-font-size\">El Papa y los directivos del Celam tambi\u00e9n dialogaron sobre los preparativos para la COP30 que se desarrollar\u00e1 en Bel\u00e9m (Brasil), en noviembre de este a\u00f1o, sobre cambio clim\u00e1tico, detallando los pasos que se vienen dando conjuntamente entre la Iglesia latinoamericana y caribe\u00f1a, la Conferencia Nacional de Obispos de Brasil (CNBB), la Santa Sede, y otros organismos eclesiales como C\u00e1ritas, las redes territoriales, as\u00ed como las conferencias episcopales de \u00c1frica y Asia, a fin de participar de manera conjunta y coordinar los esfuerzos de incidencia.<\/p>\n\n\n\n<p class=\"has-medium-font-size\">En este sentido se destac\u00f3 el trabajo de integraci\u00f3n que desde hace un a\u00f1o y medio se desarrolla con el Simposio de Conferencias Episcopales de \u00c1frica y Madagascar y la Federaci\u00f3n de Conferencias Episcopales de Asia en lo que se denomina \u2018la Iglesia del Sur Global\u2019. De igual forma, el Card. Spengler y Mons. Estrada solicitaron al Papa contemplar la posibilidad de recibir a los presidentes de los tres organismos continentales, con el fin de dialogar sobre sus desaf\u00edos y perspectivas de acci\u00f3n pastoral.<a href=\"https:\/\/adn.celam.org\/el-papa-leon-xiv-se-encuentra-por-primera-vez-con-los-directivos-del-celam\/01456_15052025\/\"><\/a>Santo Padre Saluda a Mons. Lizardo Estrada<a href=\"https:\/\/adn.celam.org\/el-papa-leon-xiv-se-encuentra-por-primera-vez-con-los-directivos-del-celam\/01449_15052025\/\"><\/a>Santo PAdre saluda al Cardenal Jaime Spengler<\/p>\n\n\n\n<h3 class=\"wp-block-heading\"><strong>Recepci\u00f3n del S\u00ednodo y encuentro ecum\u00e9nico<\/strong><\/h3>\n\n\n\n<figure class=\"wp-block-image size-full\"><img fetchpriority=\"high\" decoding=\"async\" width=\"1024\" height=\"683\" src=\"https:\/\/www.focolaresciudadnueva.com\/wp-content\/uploads\/2025\/05\/image-43.png\" alt=\"\" class=\"wp-image-18041\" srcset=\"https:\/\/www.focolaresciudadnueva.com\/wp-content\/uploads\/2025\/05\/image-43.png 1024w, https:\/\/www.focolaresciudadnueva.com\/wp-content\/uploads\/2025\/05\/image-43-300x200.png 300w, https:\/\/www.focolaresciudadnueva.com\/wp-content\/uploads\/2025\/05\/image-43-768x512.png 768w, https:\/\/www.focolaresciudadnueva.com\/wp-content\/uploads\/2025\/05\/image-43-135x90.png 135w, https:\/\/www.focolaresciudadnueva.com\/wp-content\/uploads\/2025\/05\/image-43-750x500.png 750w\" sizes=\"(max-width: 1024px) 100vw, 1024px\" \/><\/figure>\n\n\n\n<p class=\"has-medium-font-size\">Por otra parte, con relaci\u00f3n a los itinerarios y a las acciones que se llevan adelante para animar la recepci\u00f3n del Documento Final del S\u00ednodo, el Papa fue informado sobre algunas recientes publicaciones del Celam para contribuir a su adecuada divulgaci\u00f3n y apropiaci\u00f3n, como la versi\u00f3n popular del Documento Final, la \u00faltima edici\u00f3n de la Revista Medell\u00edn y una colecci\u00f3n de cuadernillos sobre sinodalidad.<\/p>\n\n\n\n<figure class=\"wp-block-image size-full\"><img decoding=\"async\" width=\"1024\" height=\"683\" src=\"https:\/\/www.focolaresciudadnueva.com\/wp-content\/uploads\/2025\/05\/image-44.png\" alt=\"\" class=\"wp-image-18042\" srcset=\"https:\/\/www.focolaresciudadnueva.com\/wp-content\/uploads\/2025\/05\/image-44.png 1024w, https:\/\/www.focolaresciudadnueva.com\/wp-content\/uploads\/2025\/05\/image-44-300x200.png 300w, https:\/\/www.focolaresciudadnueva.com\/wp-content\/uploads\/2025\/05\/image-44-768x512.png 768w, https:\/\/www.focolaresciudadnueva.com\/wp-content\/uploads\/2025\/05\/image-44-135x90.png 135w, https:\/\/www.focolaresciudadnueva.com\/wp-content\/uploads\/2025\/05\/image-44-750x500.png 750w\" sizes=\"(max-width: 1024px) 100vw, 1024px\" \/><\/figure>\n\n\n\n<p class=\"has-medium-font-size\">Otro de los temas abordados fue la celebraci\u00f3n de los 1700 a\u00f1os del Concilio de Nicea a trav\u00e9s de un encuentro ecum\u00e9nico que se desarrollar\u00e1 el pr\u00f3ximo mes de julio en Guatemala. El acontecimiento tambi\u00e9n se recordar\u00e1 en la pr\u00f3xima asamblea del Celam, durante la cual se dialogar\u00e1 sobre su actualidad y se presentar\u00e1n experiencias de unidad de los cristianos. Adem\u00e1s, se destac\u00f3 la reflexi\u00f3n y los avances en torno a la propuesta para celebrar una fiesta lit\u00fargica sobre el Padre Creador.<\/p>\n\n\n\n<h3 class=\"wp-block-heading\"><strong>Documento sobre Inteligencia Artificial<\/strong><\/h3>\n\n\n\n<p class=\"has-medium-font-size\">Finalmente, el Card. Spengler y Mons. Estrada dieron a conocer al Sumo Pont\u00edfice sobre el inter\u00e9s del Celam en continuar reflexionando sobre \u201cLa Inteligencia Artificial. Una mirada pastoral desde Am\u00e9rica Latina y el Caribe\u201d, t\u00edtulo del reciente documento en el que el Grupo de Trabajo sobre Inteligencia Artificial que coordina el Centro de Gesti\u00f3n de Conocimiento del organismo episcopal, responde a una de las solicitudes formuladas por los participantes en la \u00faltima Asamblea General del Celam de 2023, en la que tambi\u00e9n particip\u00f3 el entonces cardenal Robert Prevost, como presidente de la Pontificia Comisi\u00f3n para Am\u00e9rica Latina.<\/p>\n\n\n\n<p class=\"has-medium-font-size\">El Celam agradece al Papa Le\u00f3n XIV su apertura y disponibilidad pastoral para recibir tan prontamente a sus directivos, poder dialogar sobre la realidad de la Iglesia que peregrina en Am\u00e9rica Latina y el Caribe, y transmitirle el apoyo y afecto filial de los obispos y de todo el Pueblo de Dios.<\/p>\n\n\n\n<p class=\"has-medium-font-size\"><em>Fotos: Vatican Media<\/em><\/p>\n","protected":false},"excerpt":{"rendered":"<p>En la tarde del 15 de mayo, en la biblioteca del Palacio Apost\u00f3lico del Vaticano, el Papa Le\u00f3n XIV recibi\u00f3 en audiencia al Cardenal Jaime Spengler y a Mons. Lizardo Estrada, presidente y secretario general del Consejo Episcopal Latinoamericano (Celam), respectivamente <a href=\"https:\/\/www.focolaresciudadnueva.com\/inicio\/el-papa-leon-xiv-se-encuentra-por-primera-vez-con-los-directivos-del-celam\/\" class=\"more-link\">Continue reading <span class=\"screen-reader-text\">El Papa Le\u00f3n XIV se encuentra por primera vez con los directivos del Celam<\/span><\/a><\/p>\n","protected":false},"author":4,"featured_media":18040,"comment_status":"open","ping_status":"open","sticky":false,"template":"","format":"standard","meta":{"footnotes":""},"categories":[63],"tags":[],"class_list":["post-18039","post","type-post","status-publish","format-standard","has-post-thumbnail","hentry","category-iglesia"],"wpmagazine_modules_lite_featured_media_urls":{"thumbnail":["https:\/\/www.focolaresciudadnueva.com\/wp-content\/uploads\/2025\/05\/PAPA-LEON-XVI-Y-EL-CELAM-150x150.jpg",150,150,true],"cvmm-medium":["https:\/\/www.focolaresciudadnueva.com\/wp-content\/uploads\/2025\/05\/PAPA-LEON-XVI-Y-EL-CELAM-300x300.jpg",300,300,true],"cvmm-medium-plus":["https:\/\/www.focolaresciudadnueva.com\/wp-content\/uploads\/2025\/05\/PAPA-LEON-XVI-Y-EL-CELAM-305x207.jpg",305,207,true],"cvmm-portrait":["https:\/\/www.focolaresciudadnueva.com\/wp-content\/uploads\/2025\/05\/PAPA-LEON-XVI-Y-EL-CELAM-400x559.jpg",400,559,true],"cvmm-medium-square":["https:\/\/www.focolaresciudadnueva.com\/wp-content\/uploads\/2025\/05\/PAPA-LEON-XVI-Y-EL-CELAM-600x559.jpg",600,559,true],"cvmm-large":["https:\/\/www.focolaresciudadnueva.com\/wp-content\/uploads\/2025\/05\/PAPA-LEON-XVI-Y-EL-CELAM.jpg",958,559,false],"cvmm-small":["https:\/\/www.focolaresciudadnueva.com\/wp-content\/uploads\/2025\/05\/PAPA-LEON-XVI-Y-EL-CELAM-130x95.jpg",130,95,true],"full":["https:\/\/www.focolaresciudadnueva.com\/wp-content\/uploads\/2025\/05\/PAPA-LEON-XVI-Y-EL-CELAM.jpg",958,559,false]},"categories_names":{"63":{"name":"Iglesia","link":"https:\/\/www.focolaresciudadnueva.com\/inicio\/category\/iglesia\/"}},"tags_names":[],"comments_number":"0","_links":{"self":[{"href":"https:\/\/www.focolaresciudadnueva.com\/inicio\/wp-json\/wp\/v2\/posts\/18039","targetHints":{"allow":["GET"]}}],"collection":[{"href":"https:\/\/www.focolaresciudadnueva.com\/inicio\/wp-json\/wp\/v2\/posts"}],"about":[{"href":"https:\/\/www.focolaresciudadnueva.com\/inicio\/wp-json\/wp\/v2\/types\/post"}],"author":[{"embeddable":true,"href":"https:\/\/www.focolaresciudadnueva.com\/inicio\/wp-json\/wp\/v2\/users\/4"}],"replies":[{"embeddable":true,"href":"https:\/\/www.focolaresciudadnueva.com\/inicio\/wp-json\/wp\/v2\/comments?post=18039"}],"version-history":[{"count":1,"href":"https:\/\/www.focolaresciudadnueva.com\/inicio\/wp-json\/wp\/v2\/posts\/18039\/revisions"}],"predecessor-version":[{"id":18043,"href":"https:\/\/www.focolaresciudadnueva.com\/inicio\/wp-json\/wp\/v2\/posts\/18039\/revisions\/18043"}],"wp:featuredmedia":[{"embeddable":true,"href":"https:\/\/www.focolaresciudadnueva.com\/inicio\/wp-json\/wp\/v2\/media\/18040"}],"wp:attachment":[{"href":"https:\/\/www.focolaresciudadnueva.com\/inicio\/wp-json\/wp\/v2\/media?parent=18039"}],"wp:term":[{"taxonomy":"category","embeddable":true,"href":"https:\/\/www.focolaresciudadnueva.com\/inicio\/wp-json\/wp\/v2\/categories?post=18039"},{"taxonomy":"post_tag","embeddable":true,"href":"https:\/\/www.focolaresciudadnueva.com\/inicio\/wp-json\/wp\/v2\/tags?post=18039"}],"curies":[{"name":"wp","href":"https:\/\/api.w.org\/{rel}","templated":true}]}}