{"id":17536,"date":"2025-04-21T19:27:49","date_gmt":"2025-04-21T23:27:49","guid":{"rendered":"https:\/\/www.focolaresciudadnueva.com\/inicio\/?p=17536"},"modified":"2025-04-21T19:28:26","modified_gmt":"2025-04-21T23:28:26","slug":"recuerdo-de-la-fuerza-de-sus-gestos-y-su-cercania-a-los-ultimos","status":"publish","type":"post","link":"https:\/\/www.focolaresciudadnueva.com\/inicio\/recuerdo-de-la-fuerza-de-sus-gestos-y-su-cercania-a-los-ultimos\/","title":{"rendered":"Recuerdo de la fuerza de sus gestos y su cercan\u00eda a los \u00faltimos"},"content":{"rendered":"\n<p class=\"has-medium-font-size\"><strong><em>De la CEI hasta la COMECE, desde el Policl\u00ednico Gemelli hasta el hospital \u00abBambino Ges\u00f9\u00bb, los testimonios de instituciones y organizaciones religiosas tras el regreso del Papa Francisco a la Casa del Padre dan cuenta de un pontificado vivido \u00abhasta el final\u00bb, guiado por la atenci\u00f3n a la pobreza, la paz y el amor a la Creaci\u00f3n<\/em><\/strong><\/p>\n\n\n\n<p class=\"has-medium-font-size\"><a href=\"https:\/\/www.vaticannews.va\/es\/papa\/news\/2025-04\/recuerdo-de-la-fuerza-de-sus-gestos-y-su-cercania-a-los-ultimos.html\">VATICAN NEWS<\/a><\/p>\n\n\n\n<p class=\"has-medium-font-size\">Un mar de gratitud envuelve el recuerdo de un pontificado que ha caminado hacia las \u00abperiferias existenciales\u00bb, ligero y decidido por las sendas trazadas por Francisco de As\u00eds: la pobreza acogida como hermana, la paz invocada como aliento del mundo, la Creaci\u00f3n custodiada como jard\u00edn sagrado. Sin olvidar el \u00absilencio\u00bb de los gestos \u00aben las paradojas\u00bb del mundo, la \u00abautoridad moral\u00bb de los ni\u00f1os que sufren, la mano tendida a los pobres, el coraz\u00f3n abierto al di\u00e1logo entre los credos.<\/p>\n\n\n\n<p class=\"has-medium-font-size\">As\u00ed surgieron los primeros testimonios de la Iglesia en Italia el d\u00eda del regreso del Papa Francisco a la Casa del Padre, a las 7.35 horas del 21 de abril.<\/p>\n\n\n\n<h2 class=\"wp-block-heading\">Nos ayud\u00f3 a ir a las \u00abperiferias existenciales\u00bb<\/h2>\n\n\n\n<p class=\"has-medium-font-size\">\u00abEste es un momento doloroso y de gran sufrimiento para toda la Iglesia. Confiamos a nuestro amado Papa Francisco al abrazo del Se\u00f1or, con la certeza, como \u00e9l mismo nos ense\u00f1\u00f3, de que &#8216;todo se revela en la misericordia; todo se resuelve en el amor misericordioso del Padre&#8217;\u00bb.<\/p>\n\n\n\n<p class=\"has-medium-font-size\">As\u00ed se expresaba el cardenal Matteo Maria Zuppi, presidente de la Conferencia Episcopal Italiana, en un comunicado publicado en la p\u00e1gina web de la CEI.<\/p>\n\n\n\n<p class=\"has-medium-font-size\">\u00abAhora es tiempo de silencio y oraci\u00f3n\u00bb, a\u00f1adi\u00f3 el arzobispo en un segundo mensaje, \u00aby damos gracias a Dios por el don del Papa Francisco, por su incansable servicio durante estos a\u00f1os y por su testimonio, hasta el final, de fe y esperanza\u00bb.<\/p>\n\n\n\n<p class=\"has-medium-font-size\"><em>\u201cCon sus gestos y su palabra nos ayud\u00f3 a caminar, a salir, a ir a las periferias, incluso a las existenciales, a encontrarnos con todas las personas recordando que somos \u2018Fratelli tutti\u2019. El mundo llora, ahora es tiempo de silencio y oraci\u00f3n, de acci\u00f3n de gracias por su servicio, por esa imagen que nos acompa\u00f1ar\u00e1 mientras lloramos de alegr\u00eda en la Resurrecci\u00f3n y luego en su entrega hasta el final\u201d<\/em><\/p>\n\n\n\n<p class=\"has-medium-font-size\">De ello se hizo eco monse\u00f1or Mariano Crociata, presidente de la Comisi\u00f3n de las Conferencias Episcopales de la Uni\u00f3n Europea (COMECE), quien calific\u00f3 de \u00abextraordinaria\u00bb ante los medios vaticanos la labor de \u00abrenovaci\u00f3n\u00bb de la Iglesia y de \u00abanuncio\u00bb evang\u00e9lico llevada a cabo por Francisco. Una labor de \u00abdi\u00e1logo con todos \u2013 a\u00f1adi\u00f3 Crociata \u2013 de promoci\u00f3n y de b\u00fasqueda de la paz\u00bb.<\/p>\n\n\n\n<h2 class=\"wp-block-heading\">Su cercan\u00eda a los ni\u00f1os y a los pobres<\/h2>\n\n\n\n<p class=\"has-medium-font-size\">El mensaje de p\u00e9same de la \u00abfamilia\u00bb de la Universidad Cat\u00f3lica del Sagrado Coraz\u00f3n y del hospital Policl\u00ednico A. Gemelli recuerda el encuentro del pasado 16 de abril, en el que Francisco quiso despedirse del personal m\u00e9dico que lo hab\u00eda asistido durante 38 d\u00edas. El comunicado menciona la \u00abcercan\u00eda\u00bb demostrada constantemente por el Pont\u00edfice hacia la universidad y el hospital \u00abcomo signo concreto y generador de la presencia de los cat\u00f3licos italianos en el seno de la sociedad\u00bb.<\/p>\n\n\n\n<p class=\"has-medium-font-size\">\u00abNo podremos olvidar la afabilidad y la alegr\u00eda que mostr\u00f3 al estar rodeado de ni\u00f1os, su capacidad de permanecer cerca del dolor de las familias, las palabras con las que exhort\u00f3 a toda la comunidad del <em>Bambino Ges\u00f9<\/em> a dedicarse con un compromiso cada vez mayor a la acogida y al cuidado de los pacientes, inst\u00e1ndonos a tener como br\u00fajula la \u2018autoridad moral\u2019 de los ni\u00f1os que sufren\u00bb, escribi\u00f3 el presidente del hospital \u00abdel Papa\u00bb, Tiziano Onesti, en el comunicado de prensa emitido tras el regreso del Pont\u00edfice a la Casa del Padre.<\/p>\n\n\n\n<h2 class=\"wp-block-heading\">Don de amor<\/h2>\n\n\n\n<p class=\"has-medium-font-size\">Gratitud \u00abal Se\u00f1or\u00bb, por el don de un pastor \u00abque llev\u00f3 el Evangelio hasta los confines de la Iglesia, entreg\u00e1ndose para manifestar la cercan\u00eda y el amor de Dios a todos, especialmente a los m\u00e1s pobres y abandonados en el cuerpo y en el esp\u00edritu\u00bb, expresaron en cambio los responsables del Camino Neocatecumenal, que a\u00f1adieron que el testimonio de Francisco de \u00abdonaci\u00f3n total para testimoniar el amor de Dios a toda criatura\u00bb permanecer\u00e1 intacto.&nbsp;<\/p>\n\n\n\n<h2 class=\"wp-block-heading\">Pastor \u00abcercano y amoroso\u00bb<\/h2>\n\n\n\n<p class=\"has-medium-font-size\">Un \u00abdon de amor\u00bb: as\u00ed describi\u00f3 Margaret Karram, te\u00f3loga palestina y presidenta del Movimiento de los Focolares, todo el pontificado de Francisco. \u00abUn pastor cercano y amoroso\u00bb. El Papa ha exhortado constantemente a los miembros del movimiento a un testimonio vivo, valiente y fiel hasta los huesos. Karram relat\u00f3 tambi\u00e9n su gratitud personal por su atenci\u00f3n a Tierra Santa y por haberla llamado a participar en el S\u00ednodo sobre la sinodalidad.<\/p>\n\n\n\n<h2 class=\"wp-block-heading\">\u00abTristeza\u00bb y \u00abluto\u00bb, pero tambi\u00e9n \u00abconfianza\u00bb<\/h2>\n\n\n\n<p class=\"has-medium-font-size\">Es un \u00abgracias\u00bb que huele a emoci\u00f3n, el pronunciado por el cardenal Augusto Paolo Lojudice, arzobispo de Siena-Colle di Val d&#8217;Elsa-Montalcino: un gracias, recogido por los medios vaticanos, para un Papa que se desgast\u00f3 hasta la \u00faltima luz, \u00abhasta el final\u00bb. Inolvidable, cuenta, la bendici\u00f3n impartida el d\u00eda de Pascua, al mundo entero.<\/p>\n\n\n\n<p class=\"has-medium-font-size\">\u00abSentado en su silla de ruedas, con voz d\u00e9bil pero alma ardiente, quiso decir a la Iglesia, al mundo, a la humanidad: <em>Los acompa\u00f1o, los bendigo y seguir\u00e9 haci\u00e9ndolo<\/em>. Y lo har\u00e1, estamos seguros, tambi\u00e9n desde el cielo\u00bb. Junto a la \u00abtristeza\u00bb y el \u00abdolor\u00bb, sin embargo, vibra la \u00abconfianza\u00bb: el Esp\u00edritu Santo seguir\u00e1 soplando, se\u00f1alando el camino, iluminando a quienes deber\u00e1n escucharlo para reconocer el rostro del Papa \u00abque \u00c9l desea\u00bb.<\/p>\n\n\n\n<h2 class=\"wp-block-heading\">Francisco, un nombre que era a la vez mensaje y programa<\/h2>\n\n\n\n<p class=\"has-medium-font-size\">Fray Massimo Fusarelli, ministro general de la Orden de Hermanos Menores, recuerda el asombro y la frescura que conten\u00eda la elecci\u00f3n de ese nombre \u2013 Francisco \u2013 que era inmediatamente a la vez mensaje y programa. Un nombre que hablaba de \u00abpobreza\u00bb, de \u00abpaz\u00bb, de amor a la tierra. Tres estrellas luminosas que guiaron todo el camino del Papa, junto a un Evangelio vivido <em>sine glossa<\/em>, \u00absin comentarios\u00bb, como quer\u00eda el Santo de As\u00eds.<\/p>\n\n\n\n<p class=\"has-medium-font-size\">\u00abEl Papa Francisco ha sabido tocar el coraz\u00f3n del Evangelio con su sensibilidad ignaciana\u00bb, dice Fusarelli, destacando las ra\u00edces franciscanas de un pontificado que ha caminado con la esencialidad de los peque\u00f1os. De <em>Laudato si&#8217;<\/em> a <em>Fratelli tutti<\/em>, pasando por <em>Evangelii gaudium<\/em>, todo es una invitaci\u00f3n a \u00absalir\u00bb, a anunciar y a abrazar.<\/p>\n\n\n\n<p class=\"has-medium-font-size\">Y luego los gestos \u2013 \u00abque a menudo han hablado en el silencio de las paradojas\u00bb \u2013 como los dirigidos a los enfermos \u2013 \u00aba menudo desfigurados por su enfermedad\u00bb \u2013 a los emigrantes \u2013 en los viajes a Lampedusa y Lesbos \u2013 a los \u00faltimos. Un lenguaje \u00abinmediato, concreto, a menudo coloquial\u00bb. Una espiritualidad vivida en el encuentro, donde cada rostro se convierte en Evangelio.<\/p>\n\n\n\n<h2 class=\"wp-block-heading\">\u00abNo nos olvidemos de los pobres\u00bb<\/h2>\n\n\n\n<p class=\"has-medium-font-size\">En el coraz\u00f3n del pontificado, la predilecci\u00f3n por los \u00faltimos, subrayada por el sacerdote Marco Pagniello, director de C\u00e1ritas Italiana. \u00abNo olvidemos a los pobres\u00bb, una advertencia que se ha convertido en un eco permanente, una llamada prof\u00e9tica a construir \u00abcomunidades\u00bb abiertas, acogedoras, capaces de palabras de paz y gestos de justicia. Un camino compartido hacia una \u00abnueva humanidad\u00bb, fundada en la fraternidad: el \u00fanico camino hacia la paz, el \u00fanico abrazo posible para incluir a todos.<\/p>\n\n\n\n<h2 class=\"wp-block-heading\">Un \u00abt\u00fanel\u00bb de di\u00e1logo y amistad<\/h2>\n\n\n\n<p class=\"has-medium-font-size\">Y al hablar de un solo abrazo, no se puede dejar de recurrir al \u00e9nfasis de Francisco en el di\u00e1logo interreligioso. Una cercan\u00eda, la del Papa a otras confesiones religiosas, atestiguada por las condolencias expresadas por la comunidad musulmana al obispo de Estambul, monse\u00f1or Massimiliano Palinuro, a las que tambi\u00e9n se sum\u00f3 el secretario particular del presidente turco, Recep Tayyip Erdo\u011fan. \u00abAhora es el momento de recoger el legado del Papa y custodiarlo\u00bb, declar\u00f3 Palinuro a los medios de comunicaci\u00f3n vaticanos.<\/p>\n\n\n\n<p class=\"has-medium-font-size\">El padre Sebastiano D&#8217;Ambra, fundador del movimiento isl\u00e1mico-cristiano Silsilah, tambi\u00e9n habl\u00f3 sobre el di\u00e1logo interreligioso. A \u00e9l, actualmente en Filipinas, la tarea de recordar el Documento sobre la Hermandad Humana para la Paz Mundial y la Convivencia Com\u00fan, firmado en Abu Dabi en 2019 con el Gran Im\u00e1n de Al-Azhar, Ahmad Al-Tayyib.<\/p>\n\n\n\n<p class=\"has-medium-font-size\">Un texto que ha abierto puentes, curado heridas, que ha hecho abrir \u00abt\u00faneles\u00bb de amistad, como el que visit\u00f3 el Papa en Yakarta, Indonesia, durante su Viaje Apost\u00f3lico en septiembre del 2024, conectando la mezquita con la Catedral de Nuestra Se\u00f1ora de la Asunci\u00f3n. Un poderoso s\u00edmbolo de lo que el Papa Francisco ha construido: v\u00ednculos, no muros. Un legado vivo de un pastor que eligi\u00f3 el camino, el acompa\u00f1amiento, la escucha. Hasta el final.<\/p>\n","protected":false},"excerpt":{"rendered":"<p>Un \u00abdon de amor\u00bb: as\u00ed describi\u00f3 Margaret Karram, te\u00f3loga palestina y presidenta del Movimiento de los Focolares, todo el pontificado de Francisco.  <a href=\"https:\/\/www.focolaresciudadnueva.com\/inicio\/recuerdo-de-la-fuerza-de-sus-gestos-y-su-cercania-a-los-ultimos\/\" class=\"more-link\">Continue reading <span class=\"screen-reader-text\">Recuerdo de la fuerza de sus gestos y su cercan\u00eda a los \u00faltimos<\/span><\/a><\/p>\n","protected":false},"author":4,"featured_media":17537,"comment_status":"open","ping_status":"open","sticky":false,"template":"","format":"standard","meta":{"footnotes":""},"categories":[164],"tags":[],"class_list":["post-17536","post","type-post","status-publish","format-standard","has-post-thumbnail","hentry","category-destacadas-focolares"],"wpmagazine_modules_lite_featured_media_urls":{"thumbnail":["https:\/\/www.focolaresciudadnueva.com\/wp-content\/uploads\/2025\/04\/image-36-150x150.png",150,150,true],"cvmm-medium":["https:\/\/www.focolaresciudadnueva.com\/wp-content\/uploads\/2025\/04\/image-36-300x300.png",300,300,true],"cvmm-medium-plus":["https:\/\/www.focolaresciudadnueva.com\/wp-content\/uploads\/2025\/04\/image-36-305x207.png",305,207,true],"cvmm-portrait":["https:\/\/www.focolaresciudadnueva.com\/wp-content\/uploads\/2025\/04\/image-36-400x600.png",400,600,true],"cvmm-medium-square":["https:\/\/www.focolaresciudadnueva.com\/wp-content\/uploads\/2025\/04\/image-36-600x600.png",600,600,true],"cvmm-large":["https:\/\/www.focolaresciudadnueva.com\/wp-content\/uploads\/2025\/04\/image-36-1024x720.png",1024,720,true],"cvmm-small":["https:\/\/www.focolaresciudadnueva.com\/wp-content\/uploads\/2025\/04\/image-36-130x95.png",130,95,true],"full":["https:\/\/www.focolaresciudadnueva.com\/wp-content\/uploads\/2025\/04\/image-36.png",1280,720,false]},"categories_names":{"164":{"name":"Destacadas Focolares","link":"https:\/\/www.focolaresciudadnueva.com\/inicio\/category\/destacadas-focolares\/"}},"tags_names":[],"comments_number":"0","_links":{"self":[{"href":"https:\/\/www.focolaresciudadnueva.com\/inicio\/wp-json\/wp\/v2\/posts\/17536","targetHints":{"allow":["GET"]}}],"collection":[{"href":"https:\/\/www.focolaresciudadnueva.com\/inicio\/wp-json\/wp\/v2\/posts"}],"about":[{"href":"https:\/\/www.focolaresciudadnueva.com\/inicio\/wp-json\/wp\/v2\/types\/post"}],"author":[{"embeddable":true,"href":"https:\/\/www.focolaresciudadnueva.com\/inicio\/wp-json\/wp\/v2\/users\/4"}],"replies":[{"embeddable":true,"href":"https:\/\/www.focolaresciudadnueva.com\/inicio\/wp-json\/wp\/v2\/comments?post=17536"}],"version-history":[{"count":1,"href":"https:\/\/www.focolaresciudadnueva.com\/inicio\/wp-json\/wp\/v2\/posts\/17536\/revisions"}],"predecessor-version":[{"id":17538,"href":"https:\/\/www.focolaresciudadnueva.com\/inicio\/wp-json\/wp\/v2\/posts\/17536\/revisions\/17538"}],"wp:featuredmedia":[{"embeddable":true,"href":"https:\/\/www.focolaresciudadnueva.com\/inicio\/wp-json\/wp\/v2\/media\/17537"}],"wp:attachment":[{"href":"https:\/\/www.focolaresciudadnueva.com\/inicio\/wp-json\/wp\/v2\/media?parent=17536"}],"wp:term":[{"taxonomy":"category","embeddable":true,"href":"https:\/\/www.focolaresciudadnueva.com\/inicio\/wp-json\/wp\/v2\/categories?post=17536"},{"taxonomy":"post_tag","embeddable":true,"href":"https:\/\/www.focolaresciudadnueva.com\/inicio\/wp-json\/wp\/v2\/tags?post=17536"}],"curies":[{"name":"wp","href":"https:\/\/api.w.org\/{rel}","templated":true}]}}