{"id":17528,"date":"2025-04-21T11:11:34","date_gmt":"2025-04-21T15:11:34","guid":{"rendered":"https:\/\/www.focolaresciudadnueva.com\/inicio\/?p=17528"},"modified":"2025-04-21T20:02:26","modified_gmt":"2025-04-22T00:02:26","slug":"inicio-el-congreso-proximidad-vida-y-comunion","status":"publish","type":"post","link":"https:\/\/www.focolaresciudadnueva.com\/inicio\/inicio-el-congreso-proximidad-vida-y-comunion\/","title":{"rendered":"Inici\u00f3 el Congreso Proximidad, Vida y Comuni\u00f3n"},"content":{"rendered":"\n<p>En el Centro Mari\u00e1polis Alegr\u00eda en Tocancip\u00e1 (Colombia) inici\u00f3 el Congreso Proximidad y Vida de Comuni\u00f3n, con la participaci\u00f3n de m\u00e1s de 90 Sacerdotes, Seminaristas, di\u00e1conos y religiosos de la zona interamericana de Los Focolares.\u00a0<\/p>\n\n\n\n<p>En este evento tiene el prop\u00f3sito promover el cuidado de la vocaci\u00f3n sacerdotal y de las dem\u00e1s vocaciones dentro de la Iglesia Cat\u00f3lica, fortaleciendo el sentido de comunidad y sinodalidad a trav\u00e9s de la proximidad.&nbsp;<\/p>\n\n\n\n<figure class=\"wp-block-image size-large\"><img fetchpriority=\"high\" decoding=\"async\" width=\"1024\" height=\"576\" src=\"https:\/\/www.focolaresciudadnueva.com\/wp-content\/uploads\/2025\/04\/image-35-1024x576.png\" alt=\"\" class=\"wp-image-17534\" srcset=\"https:\/\/www.focolaresciudadnueva.com\/wp-content\/uploads\/2025\/04\/image-35-1024x576.png 1024w, https:\/\/www.focolaresciudadnueva.com\/wp-content\/uploads\/2025\/04\/image-35-300x169.png 300w, https:\/\/www.focolaresciudadnueva.com\/wp-content\/uploads\/2025\/04\/image-35-768x432.png 768w, https:\/\/www.focolaresciudadnueva.com\/wp-content\/uploads\/2025\/04\/image-35-160x90.png 160w, https:\/\/www.focolaresciudadnueva.com\/wp-content\/uploads\/2025\/04\/image-35-750x422.png 750w, https:\/\/www.focolaresciudadnueva.com\/wp-content\/uploads\/2025\/04\/image-35-1140x642.png 1140w, https:\/\/www.focolaresciudadnueva.com\/wp-content\/uploads\/2025\/04\/image-35.png 1425w\" sizes=\"(max-width: 1024px) 100vw, 1024px\" \/><\/figure>\n\n\n\n<p><\/p>\n","protected":false},"excerpt":{"rendered":"<p>En el Centro Mari\u00e1polis Alegr\u00eda en Tocancip\u00e1 (Colombia) inici\u00f3 el Congreso Proximidad y Vida de Comuni\u00f3n, con la participaci\u00f3n de m\u00e1s de 90 Sacerdotes, Seminaristas, di\u00e1conos y religiosos de la zona interamericana de Los Focolares.\u00a0 En este evento tiene el prop\u00f3sito promover el cuidado de la vocaci\u00f3n sacerdotal y de las dem\u00e1s vocaciones dentro de la Iglesia Cat\u00f3lica, fortaleciendo el sentido de comunidad y sinodalidad &hellip; <a href=\"https:\/\/www.focolaresciudadnueva.com\/inicio\/inicio-el-congreso-proximidad-vida-y-comunion\/\" class=\"more-link\">Continue reading <span class=\"screen-reader-text\">Inici\u00f3 el Congreso Proximidad, Vida y Comuni\u00f3n<\/span><\/a><\/p>\n","protected":false},"author":4,"featured_media":17539,"comment_status":"open","ping_status":"open","sticky":false,"template":"","format":"standard","meta":{"footnotes":""},"categories":[162],"tags":[],"class_list":["post-17528","post","type-post","status-publish","format-standard","has-post-thumbnail","hentry","category-comunidades"],"wpmagazine_modules_lite_featured_media_urls":{"thumbnail":["https:\/\/www.focolaresciudadnueva.com\/wp-content\/uploads\/2025\/04\/Imagen-de-WhatsApp-2025-04-21-a-las-19.01.00_d9070444-150x150.jpg",150,150,true],"cvmm-medium":["https:\/\/www.focolaresciudadnueva.com\/wp-content\/uploads\/2025\/04\/Imagen-de-WhatsApp-2025-04-21-a-las-19.01.00_d9070444-300x300.jpg",300,300,true],"cvmm-medium-plus":["https:\/\/www.focolaresciudadnueva.com\/wp-content\/uploads\/2025\/04\/Imagen-de-WhatsApp-2025-04-21-a-las-19.01.00_d9070444-305x207.jpg",305,207,true],"cvmm-portrait":["https:\/\/www.focolaresciudadnueva.com\/wp-content\/uploads\/2025\/04\/Imagen-de-WhatsApp-2025-04-21-a-las-19.01.00_d9070444-400x600.jpg",400,600,true],"cvmm-medium-square":["https:\/\/www.focolaresciudadnueva.com\/wp-content\/uploads\/2025\/04\/Imagen-de-WhatsApp-2025-04-21-a-las-19.01.00_d9070444-600x600.jpg",600,600,true],"cvmm-large":["https:\/\/www.focolaresciudadnueva.com\/wp-content\/uploads\/2025\/04\/Imagen-de-WhatsApp-2025-04-21-a-las-19.01.00_d9070444-1024x759.jpg",1024,759,true],"cvmm-small":["https:\/\/www.focolaresciudadnueva.com\/wp-content\/uploads\/2025\/04\/Imagen-de-WhatsApp-2025-04-21-a-las-19.01.00_d9070444-130x95.jpg",130,95,true],"full":["https:\/\/www.focolaresciudadnueva.com\/wp-content\/uploads\/2025\/04\/Imagen-de-WhatsApp-2025-04-21-a-las-19.01.00_d9070444.jpg",1600,759,false]},"categories_names":{"162":{"name":"Comunidades","link":"https:\/\/www.focolaresciudadnueva.com\/inicio\/category\/comunidades\/"}},"tags_names":[],"comments_number":"0","_links":{"self":[{"href":"https:\/\/www.focolaresciudadnueva.com\/inicio\/wp-json\/wp\/v2\/posts\/17528","targetHints":{"allow":["GET"]}}],"collection":[{"href":"https:\/\/www.focolaresciudadnueva.com\/inicio\/wp-json\/wp\/v2\/posts"}],"about":[{"href":"https:\/\/www.focolaresciudadnueva.com\/inicio\/wp-json\/wp\/v2\/types\/post"}],"author":[{"embeddable":true,"href":"https:\/\/www.focolaresciudadnueva.com\/inicio\/wp-json\/wp\/v2\/users\/4"}],"replies":[{"embeddable":true,"href":"https:\/\/www.focolaresciudadnueva.com\/inicio\/wp-json\/wp\/v2\/comments?post=17528"}],"version-history":[{"count":4,"href":"https:\/\/www.focolaresciudadnueva.com\/inicio\/wp-json\/wp\/v2\/posts\/17528\/revisions"}],"predecessor-version":[{"id":17540,"href":"https:\/\/www.focolaresciudadnueva.com\/inicio\/wp-json\/wp\/v2\/posts\/17528\/revisions\/17540"}],"wp:featuredmedia":[{"embeddable":true,"href":"https:\/\/www.focolaresciudadnueva.com\/inicio\/wp-json\/wp\/v2\/media\/17539"}],"wp:attachment":[{"href":"https:\/\/www.focolaresciudadnueva.com\/inicio\/wp-json\/wp\/v2\/media?parent=17528"}],"wp:term":[{"taxonomy":"category","embeddable":true,"href":"https:\/\/www.focolaresciudadnueva.com\/inicio\/wp-json\/wp\/v2\/categories?post=17528"},{"taxonomy":"post_tag","embeddable":true,"href":"https:\/\/www.focolaresciudadnueva.com\/inicio\/wp-json\/wp\/v2\/tags?post=17528"}],"curies":[{"name":"wp","href":"https:\/\/api.w.org\/{rel}","templated":true}]}}