{"id":17525,"date":"2025-04-21T10:30:43","date_gmt":"2025-04-21T14:30:43","guid":{"rendered":"https:\/\/www.focolaresciudadnueva.com\/inicio\/?p=17525"},"modified":"2025-04-26T20:17:51","modified_gmt":"2025-04-27T00:17:51","slug":"gracias-papa-francisco","status":"publish","type":"post","link":"https:\/\/www.focolaresciudadnueva.com\/inicio\/gracias-papa-francisco\/","title":{"rendered":"Gracias Papa Francisco"},"content":{"rendered":"\n<p class=\"has-medium-font-size\"><em>Condolencias de Margaret Karram, Presidenta del Movimiento de los Focolares, por el fallecimiento del Santo Padre Francisco<\/em><\/p>\n\n\n\n<p class=\"has-medium-font-size\">Con profundo pesar he recibido la noticia del regreso a la casa del Padre de nuestro querido Papa Francisco. Junto con toda la Iglesia, lo entregamos a Dios, llenos de gratitud por el extraordinario ejemplo y el don de amor que ha representado para cada persona y para todos los pueblos.<\/p>\n\n\n\n<p class=\"has-medium-font-size\">A lo largo de su pontificado, el Santo Padre ha sido en numerosas ocasiones un pastor cercano y afectuoso tambi\u00e9n para el Movimiento de los Focolares. Siempre nos ha acogido y orientado para testimoniar el Evangelio con valent\u00eda y radicalidad.<\/p>\n\n\n\n<p class=\"has-medium-font-size\">De los muchos momentos compartidos con \u00e9l, no olvidaremos sus palabras dirigidas a la Asamblea General de los Focolares, pronunciadas durante la audiencia que nos concedi\u00f3 en 2021:<\/p>\n\n\n\n<p class=\"has-medium-font-size\"><em>\u201c\u2026Permanezcan siempre a la escucha del grito de abandono de Cristo en la cruz, que manifiesta la m\u00e1xima medida del amor. La gracia que produce es capaz de suscitar en nosotros, d\u00e9biles y pecadores, respuestas generosas y a veces heroicas; es capaz de transformar los sufrimientos e incluso las tragedias en fuente de luz y esperanza para la humanidad\u201d.<\/em><\/p>\n\n\n\n<p class=\"has-medium-font-size\">Por \u00faltimo, no puedo dejar de testimoniar el amor y la atenci\u00f3n personal que el Papa me brind\u00f3, especialmente ante los sufrimientos de mi pueblo en Tierra Santa, as\u00ed como mi profunda gratitud por haberme invitado a participar en el S\u00ednodo sobre la Sinodalidad, donde \u00e9l mismo nos abri\u00f3 las puertas hacia una Iglesia sinodal que ahora comienza a dar sus primeros pasos en todo el mundo.<\/p>\n\n\n\n<p class=\"has-medium-font-size\">Junto a todo el Movimiento de los Focolares a nivel mundial, me uno a la oraci\u00f3n de la Iglesia universal y de todos los hombres y mujeres de buena voluntad, segura de que Nuestra Se\u00f1ora \u00abSalus Populi Romani\u00bb, de la que \u00e9l era tan devoto, lo acoger\u00e1 en el Cielo con los brazos abiertos.<\/p>\n\n\n\n<p class=\"has-medium-font-size\"><em>Margaret Karram<\/em><\/p>\n\n\n\n<div class=\"wp-block-buttons is-layout-flex wp-block-buttons-is-layout-flex\">\n<div class=\"wp-block-button\"><a class=\"wp-block-button__link wp-element-button\" href=\"https:\/\/www.focolare.org\/wp-content\/uploads\/2025\/04\/MK_dipartita_SP_20250421-1.pdf\">descargar la declaraci\u00f3n de la presidente<\/a><\/div>\n<\/div>\n\n\n\n<p><\/p>\n\n\n\n<p><\/p>\n","protected":false},"excerpt":{"rendered":"<p>Condolencias de Margaret Karram, Presidenta del Movimiento de los Focolares, por el fallecimiento del Santo Padre Francisco <a href=\"https:\/\/www.focolaresciudadnueva.com\/inicio\/gracias-papa-francisco\/\" class=\"more-link\">Continue reading <span class=\"screen-reader-text\">Gracias Papa Francisco<\/span><\/a><\/p>\n","protected":false},"author":4,"featured_media":17526,"comment_status":"open","ping_status":"open","sticky":false,"template":"","format":"standard","meta":{"footnotes":""},"categories":[164,63],"tags":[],"class_list":["post-17525","post","type-post","status-publish","format-standard","has-post-thumbnail","hentry","category-destacadas-focolares","category-iglesia"],"wpmagazine_modules_lite_featured_media_urls":{"thumbnail":["https:\/\/www.focolaresciudadnueva.com\/wp-content\/uploads\/2025\/04\/image-31-150x150.png",150,150,true],"cvmm-medium":["https:\/\/www.focolaresciudadnueva.com\/wp-content\/uploads\/2025\/04\/image-31-300x300.png",300,300,true],"cvmm-medium-plus":["https:\/\/www.focolaresciudadnueva.com\/wp-content\/uploads\/2025\/04\/image-31-305x207.png",305,207,true],"cvmm-portrait":["https:\/\/www.focolaresciudadnueva.com\/wp-content\/uploads\/2025\/04\/image-31-400x520.png",400,520,true],"cvmm-medium-square":["https:\/\/www.focolaresciudadnueva.com\/wp-content\/uploads\/2025\/04\/image-31-600x520.png",600,520,true],"cvmm-large":["https:\/\/www.focolaresciudadnueva.com\/wp-content\/uploads\/2025\/04\/image-31.png",893,520,false],"cvmm-small":["https:\/\/www.focolaresciudadnueva.com\/wp-content\/uploads\/2025\/04\/image-31-130x95.png",130,95,true],"full":["https:\/\/www.focolaresciudadnueva.com\/wp-content\/uploads\/2025\/04\/image-31.png",893,520,false]},"categories_names":{"164":{"name":"Destacadas Focolares","link":"https:\/\/www.focolaresciudadnueva.com\/inicio\/category\/destacadas-focolares\/"},"63":{"name":"Iglesia","link":"https:\/\/www.focolaresciudadnueva.com\/inicio\/category\/iglesia\/"}},"tags_names":[],"comments_number":"0","_links":{"self":[{"href":"https:\/\/www.focolaresciudadnueva.com\/inicio\/wp-json\/wp\/v2\/posts\/17525","targetHints":{"allow":["GET"]}}],"collection":[{"href":"https:\/\/www.focolaresciudadnueva.com\/inicio\/wp-json\/wp\/v2\/posts"}],"about":[{"href":"https:\/\/www.focolaresciudadnueva.com\/inicio\/wp-json\/wp\/v2\/types\/post"}],"author":[{"embeddable":true,"href":"https:\/\/www.focolaresciudadnueva.com\/inicio\/wp-json\/wp\/v2\/users\/4"}],"replies":[{"embeddable":true,"href":"https:\/\/www.focolaresciudadnueva.com\/inicio\/wp-json\/wp\/v2\/comments?post=17525"}],"version-history":[{"count":1,"href":"https:\/\/www.focolaresciudadnueva.com\/inicio\/wp-json\/wp\/v2\/posts\/17525\/revisions"}],"predecessor-version":[{"id":17527,"href":"https:\/\/www.focolaresciudadnueva.com\/inicio\/wp-json\/wp\/v2\/posts\/17525\/revisions\/17527"}],"wp:featuredmedia":[{"embeddable":true,"href":"https:\/\/www.focolaresciudadnueva.com\/inicio\/wp-json\/wp\/v2\/media\/17526"}],"wp:attachment":[{"href":"https:\/\/www.focolaresciudadnueva.com\/inicio\/wp-json\/wp\/v2\/media?parent=17525"}],"wp:term":[{"taxonomy":"category","embeddable":true,"href":"https:\/\/www.focolaresciudadnueva.com\/inicio\/wp-json\/wp\/v2\/categories?post=17525"},{"taxonomy":"post_tag","embeddable":true,"href":"https:\/\/www.focolaresciudadnueva.com\/inicio\/wp-json\/wp\/v2\/tags?post=17525"}],"curies":[{"name":"wp","href":"https:\/\/api.w.org\/{rel}","templated":true}]}}