{"id":17067,"date":"2025-03-23T08:00:00","date_gmt":"2025-03-23T12:00:00","guid":{"rendered":"https:\/\/www.focolaresciudadnueva.com\/inicio\/?p=17067"},"modified":"2025-03-23T14:42:40","modified_gmt":"2025-03-23T18:42:40","slug":"gladys-molina-hacedora-de-la-cultura-del-dialogo-y-la-fraternidad-en-el-quindio","status":"publish","type":"post","link":"https:\/\/www.focolaresciudadnueva.com\/inicio\/gladys-molina-hacedora-de-la-cultura-del-dialogo-y-la-fraternidad-en-el-quindio\/","title":{"rendered":"Gladys Molina, hacedora de la cultura del di\u00e1logo y la fraternidad en el Quind\u00edo"},"content":{"rendered":"\n<p class=\"has-medium-font-size\"><strong><em>Cuando mencionan el nombre de Gladys Molina se ven im\u00e1genes, sonidos, colores, trazos, olores y sabores, pensamientos y sentimientos, que juntos dan una idea siempre nueva de qui\u00e9n es ella.&nbsp;<\/em><\/strong><\/p>\n\n\n\n<figure class=\"wp-block-image size-full is-resized\"><img fetchpriority=\"high\" decoding=\"async\" width=\"513\" height=\"912\" src=\"https:\/\/www.focolaresciudadnueva.com\/wp-content\/uploads\/2025\/03\/image-20.png\" alt=\"\" class=\"wp-image-17073\" style=\"width:899px;height:auto\" srcset=\"https:\/\/www.focolaresciudadnueva.com\/wp-content\/uploads\/2025\/03\/image-20.png 513w, https:\/\/www.focolaresciudadnueva.com\/wp-content\/uploads\/2025\/03\/image-20-169x300.png 169w, https:\/\/www.focolaresciudadnueva.com\/wp-content\/uploads\/2025\/03\/image-20-51x90.png 51w\" sizes=\"(max-width: 513px) 100vw, 513px\" \/><figcaption class=\"wp-element-caption\">Mesa Ser-Vida, una iniciativa art\u00edstica y gastron\u00f3mica de Gladys Molina para generar espacios de encuentro y comprensi\u00f3n sobre asuntos de la vida cotidiana y reconocer las ra\u00edces culturales en el territorio. <\/figcaption><\/figure>\n\n\n\n<p class=\"has-medium-font-size\">Gladys es, como le gusta decir, una hacedora cultural, especialista en proyectos de desarrollo, lideresa de su regi\u00f3n, quien a trav\u00e9s de la palabra y el arte incide en la pol\u00edtica, en lo social, en lo ambiental, y, sobre todo, en lo relacional.&nbsp;<\/p>\n\n\n\n<p class=\"has-medium-font-size\">Ella hace la cultura con su sonrisa, su palabra, y sus esperanzas, como agujas que juntan puntos del tejido social de su amada regi\u00f3n cafetera del Quind\u00edo.&nbsp;<\/p>\n\n\n\n<figure class=\"wp-block-image size-full\"><img decoding=\"async\" width=\"930\" height=\"683\" src=\"https:\/\/www.focolaresciudadnueva.com\/wp-content\/uploads\/2025\/03\/image-17.png\" alt=\"\" class=\"wp-image-17069\" srcset=\"https:\/\/www.focolaresciudadnueva.com\/wp-content\/uploads\/2025\/03\/image-17.png 930w, https:\/\/www.focolaresciudadnueva.com\/wp-content\/uploads\/2025\/03\/image-17-300x220.png 300w, https:\/\/www.focolaresciudadnueva.com\/wp-content\/uploads\/2025\/03\/image-17-768x564.png 768w, https:\/\/www.focolaresciudadnueva.com\/wp-content\/uploads\/2025\/03\/image-17-130x95.png 130w, https:\/\/www.focolaresciudadnueva.com\/wp-content\/uploads\/2025\/03\/image-17-123x90.png 123w, https:\/\/www.focolaresciudadnueva.com\/wp-content\/uploads\/2025\/03\/image-17-750x551.png 750w\" sizes=\"(max-width: 930px) 100vw, 930px\" \/><figcaption class=\"wp-element-caption\">Gladys Molina en la Asamblea Departamental del Quind\u00edo, acompa\u00f1ada por parte de la comunidad de Los Focolares en Armenia (Colombia).<\/figcaption><\/figure>\n\n\n\n<p class=\"has-medium-font-size\">Hace pocas semanas la Asamblea Departamental del Quind\u00edo, \u00f3rgano pol\u00edtico administrativo de la regi\u00f3n, conformado por 11 diputados elegidos por elecci\u00f3n popular decidieron hacer un homenaje a Gladys Molina por su incidencia en la pol\u00edtica p\u00fablica como en el Plan Departamental de las Culturas, en la academia como docente, su acompa\u00f1amiento a las buscadoras de desaparecidos, la formaci\u00f3n de j\u00f3venes l\u00edderes locales, y sus obras de arte que invitan siempre al di\u00e1logo y la fraternidad con el que es distinto.&nbsp;<\/p>\n\n\n\n<figure class=\"wp-block-image size-full\"><img decoding=\"async\" width=\"920\" height=\"546\" src=\"https:\/\/www.focolaresciudadnueva.com\/wp-content\/uploads\/2025\/03\/image-16.png\" alt=\"\" class=\"wp-image-17068\" srcset=\"https:\/\/www.focolaresciudadnueva.com\/wp-content\/uploads\/2025\/03\/image-16.png 920w, https:\/\/www.focolaresciudadnueva.com\/wp-content\/uploads\/2025\/03\/image-16-300x178.png 300w, https:\/\/www.focolaresciudadnueva.com\/wp-content\/uploads\/2025\/03\/image-16-768x456.png 768w, https:\/\/www.focolaresciudadnueva.com\/wp-content\/uploads\/2025\/03\/image-16-152x90.png 152w, https:\/\/www.focolaresciudadnueva.com\/wp-content\/uploads\/2025\/03\/image-16-750x445.png 750w\" sizes=\"(max-width: 920px) 100vw, 920px\" \/><figcaption class=\"wp-element-caption\">Mural cocreado con la Fundaci\u00f3n Man\u00e1, de familias buscadoras de desaparecidos. <\/figcaption><\/figure>\n\n\n\n<p class=\"has-medium-font-size\">Alrededor de Gladys siempre est\u00e1 activa con el Movimiento Pol\u00edtico por la Unidad, Humanidad Nueva, Familias Nuevas, entre otras acciones colectivas, y ella camina junto a una comunidad de personas dispuestas a proponer en todos sus \u00e1mbitos la pr\u00e1ctica cotidiana de la fraternidad, una realidad generativa de creatividad y acciones concretas a favor del bien com\u00fan, animados por la Espiritualidad de la Unidad del Movimiento de los Focolares. <\/p>\n\n\n\n<figure class=\"wp-block-image size-full is-resized\"><img loading=\"lazy\" decoding=\"async\" width=\"347\" height=\"260\" src=\"https:\/\/www.focolaresciudadnueva.com\/wp-content\/uploads\/2025\/03\/image-18.png\" alt=\"\" class=\"wp-image-17071\" style=\"width:899px;height:auto\" srcset=\"https:\/\/www.focolaresciudadnueva.com\/wp-content\/uploads\/2025\/03\/image-18.png 347w, https:\/\/www.focolaresciudadnueva.com\/wp-content\/uploads\/2025\/03\/image-18-300x225.png 300w, https:\/\/www.focolaresciudadnueva.com\/wp-content\/uploads\/2025\/03\/image-18-120x90.png 120w\" sizes=\"(max-width: 347px) 100vw, 347px\" \/><figcaption class=\"wp-element-caption\">Gladys con Ardita y Gustavo, responsables de los Focolares en Colombia, y parte de la comisi\u00f3n local de este movimiento en Armenia (Quind\u00edo).<\/figcaption><\/figure>\n\n\n\n<figure class=\"wp-block-image size-large\"><img loading=\"lazy\" decoding=\"async\" width=\"1024\" height=\"489\" src=\"https:\/\/www.focolaresciudadnueva.com\/wp-content\/uploads\/2025\/03\/image-19-1024x489.png\" alt=\"\" class=\"wp-image-17072\" srcset=\"https:\/\/www.focolaresciudadnueva.com\/wp-content\/uploads\/2025\/03\/image-19-1024x489.png 1024w, https:\/\/www.focolaresciudadnueva.com\/wp-content\/uploads\/2025\/03\/image-19-300x143.png 300w, https:\/\/www.focolaresciudadnueva.com\/wp-content\/uploads\/2025\/03\/image-19-768x367.png 768w, https:\/\/www.focolaresciudadnueva.com\/wp-content\/uploads\/2025\/03\/image-19-188x90.png 188w, https:\/\/www.focolaresciudadnueva.com\/wp-content\/uploads\/2025\/03\/image-19-750x358.png 750w, https:\/\/www.focolaresciudadnueva.com\/wp-content\/uploads\/2025\/03\/image-19-1140x545.png 1140w, https:\/\/www.focolaresciudadnueva.com\/wp-content\/uploads\/2025\/03\/image-19.png 1425w\" sizes=\"(max-width: 1024px) 100vw, 1024px\" \/><figcaption class=\"wp-element-caption\">Gladys durante el encuentro del Movimiento Pol\u00edtico por la Unidad en Colombia, en el que fue anfitriona en su regi\u00f3n y en el que se renovaron los cuadros directivos en el pa\u00eds, dando un nuevo impulso a esta iniciativa. <\/figcaption><\/figure>\n","protected":false},"excerpt":{"rendered":"<p>Cuando mencionan el nombre de Gladys Molina se ven im\u00e1genes, sonidos, colores, trazos, olores y sabores, pensamientos y sentimientos, que juntos dan una idea siempre nueva de qui\u00e9n es ella.\u00a0 <a href=\"https:\/\/www.focolaresciudadnueva.com\/inicio\/gladys-molina-hacedora-de-la-cultura-del-dialogo-y-la-fraternidad-en-el-quindio\/\" class=\"more-link\">Continue reading <span class=\"screen-reader-text\">Gladys Molina, hacedora de la cultura del di\u00e1logo y la fraternidad en el Quind\u00edo<\/span><\/a><\/p>\n","protected":false},"author":4,"featured_media":17069,"comment_status":"open","ping_status":"open","sticky":false,"template":"","format":"standard","meta":{"footnotes":""},"categories":[60,67,102],"tags":[],"class_list":["post-17067","post","type-post","status-publish","format-standard","has-post-thumbnail","hentry","category-dialogos-en-la-cultura","category-experiencias","category-fraternidad"],"wpmagazine_modules_lite_featured_media_urls":{"thumbnail":["https:\/\/www.focolaresciudadnueva.com\/wp-content\/uploads\/2025\/03\/image-17-150x150.png",150,150,true],"cvmm-medium":["https:\/\/www.focolaresciudadnueva.com\/wp-content\/uploads\/2025\/03\/image-17-300x300.png",300,300,true],"cvmm-medium-plus":["https:\/\/www.focolaresciudadnueva.com\/wp-content\/uploads\/2025\/03\/image-17-305x207.png",305,207,true],"cvmm-portrait":["https:\/\/www.focolaresciudadnueva.com\/wp-content\/uploads\/2025\/03\/image-17-400x600.png",400,600,true],"cvmm-medium-square":["https:\/\/www.focolaresciudadnueva.com\/wp-content\/uploads\/2025\/03\/image-17-600x600.png",600,600,true],"cvmm-large":["https:\/\/www.focolaresciudadnueva.com\/wp-content\/uploads\/2025\/03\/image-17.png",930,683,false],"cvmm-small":["https:\/\/www.focolaresciudadnueva.com\/wp-content\/uploads\/2025\/03\/image-17-130x95.png",130,95,true],"full":["https:\/\/www.focolaresciudadnueva.com\/wp-content\/uploads\/2025\/03\/image-17.png",930,683,false]},"categories_names":{"60":{"name":"Di\u00e1logos en la Cultura","link":"https:\/\/www.focolaresciudadnueva.com\/inicio\/category\/dialogos-en-la-cultura\/"},"67":{"name":"Experiencias","link":"https:\/\/www.focolaresciudadnueva.com\/inicio\/category\/experiencias\/"},"102":{"name":"Fraternidad","link":"https:\/\/www.focolaresciudadnueva.com\/inicio\/category\/fraternidad\/"}},"tags_names":[],"comments_number":"0","_links":{"self":[{"href":"https:\/\/www.focolaresciudadnueva.com\/inicio\/wp-json\/wp\/v2\/posts\/17067","targetHints":{"allow":["GET"]}}],"collection":[{"href":"https:\/\/www.focolaresciudadnueva.com\/inicio\/wp-json\/wp\/v2\/posts"}],"about":[{"href":"https:\/\/www.focolaresciudadnueva.com\/inicio\/wp-json\/wp\/v2\/types\/post"}],"author":[{"embeddable":true,"href":"https:\/\/www.focolaresciudadnueva.com\/inicio\/wp-json\/wp\/v2\/users\/4"}],"replies":[{"embeddable":true,"href":"https:\/\/www.focolaresciudadnueva.com\/inicio\/wp-json\/wp\/v2\/comments?post=17067"}],"version-history":[{"count":7,"href":"https:\/\/www.focolaresciudadnueva.com\/inicio\/wp-json\/wp\/v2\/posts\/17067\/revisions"}],"predecessor-version":[{"id":17088,"href":"https:\/\/www.focolaresciudadnueva.com\/inicio\/wp-json\/wp\/v2\/posts\/17067\/revisions\/17088"}],"wp:featuredmedia":[{"embeddable":true,"href":"https:\/\/www.focolaresciudadnueva.com\/inicio\/wp-json\/wp\/v2\/media\/17069"}],"wp:attachment":[{"href":"https:\/\/www.focolaresciudadnueva.com\/inicio\/wp-json\/wp\/v2\/media?parent=17067"}],"wp:term":[{"taxonomy":"category","embeddable":true,"href":"https:\/\/www.focolaresciudadnueva.com\/inicio\/wp-json\/wp\/v2\/categories?post=17067"},{"taxonomy":"post_tag","embeddable":true,"href":"https:\/\/www.focolaresciudadnueva.com\/inicio\/wp-json\/wp\/v2\/tags?post=17067"}],"curies":[{"name":"wp","href":"https:\/\/api.w.org\/{rel}","templated":true}]}}