{"id":17052,"date":"2025-03-22T20:00:47","date_gmt":"2025-03-23T00:00:47","guid":{"rendered":"https:\/\/www.focolaresciudadnueva.com\/inicio\/?p=17052"},"modified":"2025-03-22T20:00:49","modified_gmt":"2025-03-23T00:00:49","slug":"ya-comenzaron-a-llegar-los-voluntarios-y-las-voluntarias-a-su-congreso-en-medellin","status":"publish","type":"post","link":"https:\/\/www.focolaresciudadnueva.com\/inicio\/ya-comenzaron-a-llegar-los-voluntarios-y-las-voluntarias-a-su-congreso-en-medellin\/","title":{"rendered":"Ya comenzaron a llegar los voluntarios y las voluntarias a su Congreso en Medell\u00edn"},"content":{"rendered":"\n<p class=\"has-medium-font-size\">Desde el s\u00e1bado 22 de marzo comenzaron a llegar los primeros participantes del Congreso Hombres y Mujeres que dejan huellas, que re\u00fane al voluntariado de Los Focolares en la zona interamericana. <\/p>\n\n\n\n<p class=\"has-medium-font-size\">Reinaldo Hern\u00e1ndez, responsable de los voluntarios de la zona ya lleg\u00f3 a la ciudad, y fue recibido con una bandeja paisa y una picada criolla. Tambi\u00e9n llegaron algunos integrantes del Centro Internacional de las Voluntarias y los Voluntarios, con sede en Roma, y con integrantes de diferentes lugares del mundo. <\/p>\n\n\n\n<p class=\"has-medium-font-size\">\u00a1Una gran bienvenida para todos!<\/p>\n\n\n\n<figure class=\"wp-block-image size-large\"><img fetchpriority=\"high\" decoding=\"async\" width=\"1024\" height=\"768\" src=\"https:\/\/www.focolaresciudadnueva.com\/wp-content\/uploads\/2025\/03\/Imagen-de-WhatsApp-2025-03-22-a-las-16.38.50_025d5a22-1024x768.jpg\" alt=\"\" class=\"wp-image-17053\" srcset=\"https:\/\/www.focolaresciudadnueva.com\/wp-content\/uploads\/2025\/03\/Imagen-de-WhatsApp-2025-03-22-a-las-16.38.50_025d5a22-1024x768.jpg 1024w, https:\/\/www.focolaresciudadnueva.com\/wp-content\/uploads\/2025\/03\/Imagen-de-WhatsApp-2025-03-22-a-las-16.38.50_025d5a22-300x225.jpg 300w, https:\/\/www.focolaresciudadnueva.com\/wp-content\/uploads\/2025\/03\/Imagen-de-WhatsApp-2025-03-22-a-las-16.38.50_025d5a22-768x576.jpg 768w, https:\/\/www.focolaresciudadnueva.com\/wp-content\/uploads\/2025\/03\/Imagen-de-WhatsApp-2025-03-22-a-las-16.38.50_025d5a22-120x90.jpg 120w, https:\/\/www.focolaresciudadnueva.com\/wp-content\/uploads\/2025\/03\/Imagen-de-WhatsApp-2025-03-22-a-las-16.38.50_025d5a22-750x563.jpg 750w, https:\/\/www.focolaresciudadnueva.com\/wp-content\/uploads\/2025\/03\/Imagen-de-WhatsApp-2025-03-22-a-las-16.38.50_025d5a22-1140x855.jpg 1140w, https:\/\/www.focolaresciudadnueva.com\/wp-content\/uploads\/2025\/03\/Imagen-de-WhatsApp-2025-03-22-a-las-16.38.50_025d5a22.jpg 1296w\" sizes=\"(max-width: 1024px) 100vw, 1024px\" \/><\/figure>\n","protected":false},"excerpt":{"rendered":"<p>Desde el s\u00e1bado 22 de marzo comenzaron a llegar los primeros participantes del Congreso Hombres y Mujeres que dejan huellas, que re\u00fane al voluntariado de Los Focolares en la zona interamericana.  <a href=\"https:\/\/www.focolaresciudadnueva.com\/inicio\/ya-comenzaron-a-llegar-los-voluntarios-y-las-voluntarias-a-su-congreso-en-medellin\/\" class=\"more-link\">Continue reading <span class=\"screen-reader-text\">Ya comenzaron a llegar los voluntarios y las voluntarias a su Congreso en Medell\u00edn<\/span><\/a><\/p>\n","protected":false},"author":4,"featured_media":17053,"comment_status":"open","ping_status":"open","sticky":false,"template":"","format":"standard","meta":{"footnotes":""},"categories":[162],"tags":[],"class_list":["post-17052","post","type-post","status-publish","format-standard","has-post-thumbnail","hentry","category-comunidades"],"wpmagazine_modules_lite_featured_media_urls":{"thumbnail":["https:\/\/www.focolaresciudadnueva.com\/wp-content\/uploads\/2025\/03\/Imagen-de-WhatsApp-2025-03-22-a-las-16.38.50_025d5a22-150x150.jpg",150,150,true],"cvmm-medium":["https:\/\/www.focolaresciudadnueva.com\/wp-content\/uploads\/2025\/03\/Imagen-de-WhatsApp-2025-03-22-a-las-16.38.50_025d5a22-300x300.jpg",300,300,true],"cvmm-medium-plus":["https:\/\/www.focolaresciudadnueva.com\/wp-content\/uploads\/2025\/03\/Imagen-de-WhatsApp-2025-03-22-a-las-16.38.50_025d5a22-305x207.jpg",305,207,true],"cvmm-portrait":["https:\/\/www.focolaresciudadnueva.com\/wp-content\/uploads\/2025\/03\/Imagen-de-WhatsApp-2025-03-22-a-las-16.38.50_025d5a22-400x600.jpg",400,600,true],"cvmm-medium-square":["https:\/\/www.focolaresciudadnueva.com\/wp-content\/uploads\/2025\/03\/Imagen-de-WhatsApp-2025-03-22-a-las-16.38.50_025d5a22-600x600.jpg",600,600,true],"cvmm-large":["https:\/\/www.focolaresciudadnueva.com\/wp-content\/uploads\/2025\/03\/Imagen-de-WhatsApp-2025-03-22-a-las-16.38.50_025d5a22-1024x972.jpg",1024,972,true],"cvmm-small":["https:\/\/www.focolaresciudadnueva.com\/wp-content\/uploads\/2025\/03\/Imagen-de-WhatsApp-2025-03-22-a-las-16.38.50_025d5a22-130x95.jpg",130,95,true],"full":["https:\/\/www.focolaresciudadnueva.com\/wp-content\/uploads\/2025\/03\/Imagen-de-WhatsApp-2025-03-22-a-las-16.38.50_025d5a22.jpg",1296,972,false]},"categories_names":{"162":{"name":"Comunidades","link":"https:\/\/www.focolaresciudadnueva.com\/inicio\/category\/comunidades\/"}},"tags_names":[],"comments_number":"0","_links":{"self":[{"href":"https:\/\/www.focolaresciudadnueva.com\/inicio\/wp-json\/wp\/v2\/posts\/17052","targetHints":{"allow":["GET"]}}],"collection":[{"href":"https:\/\/www.focolaresciudadnueva.com\/inicio\/wp-json\/wp\/v2\/posts"}],"about":[{"href":"https:\/\/www.focolaresciudadnueva.com\/inicio\/wp-json\/wp\/v2\/types\/post"}],"author":[{"embeddable":true,"href":"https:\/\/www.focolaresciudadnueva.com\/inicio\/wp-json\/wp\/v2\/users\/4"}],"replies":[{"embeddable":true,"href":"https:\/\/www.focolaresciudadnueva.com\/inicio\/wp-json\/wp\/v2\/comments?post=17052"}],"version-history":[{"count":1,"href":"https:\/\/www.focolaresciudadnueva.com\/inicio\/wp-json\/wp\/v2\/posts\/17052\/revisions"}],"predecessor-version":[{"id":17054,"href":"https:\/\/www.focolaresciudadnueva.com\/inicio\/wp-json\/wp\/v2\/posts\/17052\/revisions\/17054"}],"wp:featuredmedia":[{"embeddable":true,"href":"https:\/\/www.focolaresciudadnueva.com\/inicio\/wp-json\/wp\/v2\/media\/17053"}],"wp:attachment":[{"href":"https:\/\/www.focolaresciudadnueva.com\/inicio\/wp-json\/wp\/v2\/media?parent=17052"}],"wp:term":[{"taxonomy":"category","embeddable":true,"href":"https:\/\/www.focolaresciudadnueva.com\/inicio\/wp-json\/wp\/v2\/categories?post=17052"},{"taxonomy":"post_tag","embeddable":true,"href":"https:\/\/www.focolaresciudadnueva.com\/inicio\/wp-json\/wp\/v2\/tags?post=17052"}],"curies":[{"name":"wp","href":"https:\/\/api.w.org\/{rel}","templated":true}]}}