{"id":16615,"date":"2025-02-23T06:00:00","date_gmt":"2025-02-23T10:00:00","guid":{"rendered":"https:\/\/www.focolaresciudadnueva.com\/inicio\/?p=16615"},"modified":"2025-03-05T10:56:49","modified_gmt":"2025-03-05T14:56:49","slug":"ya-viene-la-segunda-edicion-de-summer-school-sobre-economia-civil-y-de-comunion","status":"publish","type":"post","link":"https:\/\/www.focolaresciudadnueva.com\/inicio\/ya-viene-la-segunda-edicion-de-summer-school-sobre-economia-civil-y-de-comunion\/","title":{"rendered":"\u00a1Ya viene la segunda edici\u00f3n de Summer School sobre Econom\u00eda Civil y de Comuni\u00f3n!"},"content":{"rendered":"\n<p class=\"has-medium-font-size\"><strong><em>Esta invitaci\u00f3n est\u00e1 abierta para empresarios y emprendedores interesados en fortalecer su capacidad de gestionar sus proyectos con las personas al centro de sus procesos, generando beneficios econ\u00f3micos y sociales.&nbsp;<\/em><\/strong><\/p>\n\n\n\n<p class=\"has-medium-font-size\">El Itinerario de Alta Formaci\u00f3n Econom\u00eda Civil | Territorio y Cooperaci\u00f3n | Sociedad y Empresa, se<br>fundamenta en la propuesta de un pensamiento y actuar econ\u00f3mico que tiene como eje y medida las<br>personas y las relaciones, y como horizonte la construcci\u00f3n de felicidad p\u00fablica. Dise\u00f1ado para directivos, empresarios, l\u00edderes y ciudadanos en general, cuyo prop\u00f3sito superior sea contribuir eficazmente a los procesos de desarrollo integral y crecimiento econ\u00f3mico de sus organizaciones y entornos, la sostenibilidad ambiental, social y comunicativa; o que busquen el respeto a los derechos individuales y colectivos, la equidad e inclusi\u00f3n como aporte significativo a la construcci\u00f3n de una paz positiva y el bien com\u00fan.<\/p>\n\n\n\n<p class=\"has-medium-font-size\">El itinerario tiene 3 etapas:&nbsp;<\/p>\n\n\n\n<p class=\"has-medium-font-size\">Selecci\u00f3n de participantes: del 08 al 28 de febrero.&nbsp;<\/p>\n\n\n\n<p class=\"has-medium-font-size\">Etapa de aprendizaje virtual: del 3 de marzo al 30 de mayo.&nbsp;<\/p>\n\n\n\n<p class=\"has-medium-font-size\">Etapa Piamonte &#8211; Trentino vivencial:&nbsp; 15 al 21 de junio.&nbsp;<\/p>\n\n\n\n<p class=\"has-medium-font-size\"><br>Los cupos son limitados, puedes hacer tu reserva ya en el correo <a href=\"mailto:summerschool@valiosocorp.org\">summerschool@valiosocorp.org<\/a><\/p>\n\n\n\n<p class=\"has-medium-font-size\"><\/p>\n\n\n\n<figure class=\"wp-block-image\"><img decoding=\"async\" src=\"https:\/\/lh7-rt.googleusercontent.com\/docsz\/AD_4nXd1YuvsUVgXOIE60XJRFB5q4azdKgU95EhwoLJTxLlsh_vrvlfr1ZAbQ7Xr257HU4LDPHElNnVgegK2LENWGjHRI_V44yqlsFE28Z4_n_SdSXtLWPiVOkUxJb_CF_RKNzPQNFCqUQ?key=z0G3C6MCOCXi7nTkh3KahsDq\" alt=\"\"\/><\/figure>\n\n\n\n<p class=\"has-medium-font-size\"><\/p>\n\n\n\n<p class=\"has-medium-font-size\"><\/p>\n","protected":false},"excerpt":{"rendered":"<p>Esta invitaci\u00f3n est\u00e1 abierta para empresarios y emprendedores interesados en fortalecer su capacidad de gestionar sus proyectos con las personas al centro de sus procesos, generando beneficios econ\u00f3micos y sociales.\u00a0 <a href=\"https:\/\/www.focolaresciudadnueva.com\/inicio\/ya-viene-la-segunda-edicion-de-summer-school-sobre-economia-civil-y-de-comunion\/\" class=\"more-link\">Continue reading <span class=\"screen-reader-text\">\u00a1Ya viene la segunda edici\u00f3n de Summer School sobre Econom\u00eda Civil y de Comuni\u00f3n!<\/span><\/a><\/p>\n","protected":false},"author":4,"featured_media":16616,"comment_status":"open","ping_status":"open","sticky":false,"template":"","format":"standard","meta":{"footnotes":""},"categories":[135],"tags":[],"class_list":["post-16615","post","type-post","status-publish","format-standard","has-post-thumbnail","hentry","category-edc-economia-de-comunion"],"wpmagazine_modules_lite_featured_media_urls":{"thumbnail":["https:\/\/www.focolaresciudadnueva.com\/wp-content\/uploads\/2025\/02\/image-55-150x150.png",150,150,true],"cvmm-medium":["https:\/\/www.focolaresciudadnueva.com\/wp-content\/uploads\/2025\/02\/image-55-300x300.png",300,300,true],"cvmm-medium-plus":["https:\/\/www.focolaresciudadnueva.com\/wp-content\/uploads\/2025\/02\/image-55-305x207.png",305,207,true],"cvmm-portrait":["https:\/\/www.focolaresciudadnueva.com\/wp-content\/uploads\/2025\/02\/image-55-400x600.png",400,600,true],"cvmm-medium-square":["https:\/\/www.focolaresciudadnueva.com\/wp-content\/uploads\/2025\/02\/image-55-600x600.png",600,600,true],"cvmm-large":["https:\/\/www.focolaresciudadnueva.com\/wp-content\/uploads\/2025\/02\/image-55-1024x1024.png",1024,1024,true],"cvmm-small":["https:\/\/www.focolaresciudadnueva.com\/wp-content\/uploads\/2025\/02\/image-55-130x95.png",130,95,true],"full":["https:\/\/www.focolaresciudadnueva.com\/wp-content\/uploads\/2025\/02\/image-55.png",1131,1600,false]},"categories_names":{"135":{"name":"EDC - Econom\u00eda de Comuni\u00f3n","link":"https:\/\/www.focolaresciudadnueva.com\/inicio\/category\/dialogos-en-la-cultura\/edc-economia-de-comunion\/"}},"tags_names":[],"comments_number":"0","_links":{"self":[{"href":"https:\/\/www.focolaresciudadnueva.com\/inicio\/wp-json\/wp\/v2\/posts\/16615","targetHints":{"allow":["GET"]}}],"collection":[{"href":"https:\/\/www.focolaresciudadnueva.com\/inicio\/wp-json\/wp\/v2\/posts"}],"about":[{"href":"https:\/\/www.focolaresciudadnueva.com\/inicio\/wp-json\/wp\/v2\/types\/post"}],"author":[{"embeddable":true,"href":"https:\/\/www.focolaresciudadnueva.com\/inicio\/wp-json\/wp\/v2\/users\/4"}],"replies":[{"embeddable":true,"href":"https:\/\/www.focolaresciudadnueva.com\/inicio\/wp-json\/wp\/v2\/comments?post=16615"}],"version-history":[{"count":3,"href":"https:\/\/www.focolaresciudadnueva.com\/inicio\/wp-json\/wp\/v2\/posts\/16615\/revisions"}],"predecessor-version":[{"id":16621,"href":"https:\/\/www.focolaresciudadnueva.com\/inicio\/wp-json\/wp\/v2\/posts\/16615\/revisions\/16621"}],"wp:featuredmedia":[{"embeddable":true,"href":"https:\/\/www.focolaresciudadnueva.com\/inicio\/wp-json\/wp\/v2\/media\/16616"}],"wp:attachment":[{"href":"https:\/\/www.focolaresciudadnueva.com\/inicio\/wp-json\/wp\/v2\/media?parent=16615"}],"wp:term":[{"taxonomy":"category","embeddable":true,"href":"https:\/\/www.focolaresciudadnueva.com\/inicio\/wp-json\/wp\/v2\/categories?post=16615"},{"taxonomy":"post_tag","embeddable":true,"href":"https:\/\/www.focolaresciudadnueva.com\/inicio\/wp-json\/wp\/v2\/tags?post=16615"}],"curies":[{"name":"wp","href":"https:\/\/api.w.org\/{rel}","templated":true}]}}