{"id":16611,"date":"2025-02-22T06:00:00","date_gmt":"2025-02-22T10:00:00","guid":{"rendered":"https:\/\/www.focolaresciudadnueva.com\/inicio\/?p=16611"},"modified":"2025-03-03T11:13:44","modified_gmt":"2025-03-03T15:13:44","slug":"escuela-internacional-de-economia-de-comunion","status":"publish","type":"post","link":"https:\/\/www.focolaresciudadnueva.com\/inicio\/escuela-internacional-de-economia-de-comunion\/","title":{"rendered":"Escuela Internacional de Econom\u00eda de Comuni\u00f3n"},"content":{"rendered":"\n<p class=\"has-medium-font-size\"><strong><em>Ya tenemos fecha y lugar para este encuentro, dirigido a j\u00f3venes de 18 a 35 a\u00f1os que creen en una nueva econom\u00eda, por un mundo m\u00e1s justo, regenerador y fraterno.\u00a0<\/em><\/strong><\/p>\n\n\n\n<p class=\"has-medium-font-size\">Si te has identificado, apunta la fecha en tu agenda.&nbsp;<\/p>\n\n\n\n<p class=\"has-medium-font-size\">Fecha: del 20 al 26 de julio de 2025;<\/p>\n\n\n\n<p class=\"has-medium-font-size\">Lugar: Brasil&nbsp;<\/p>\n\n\n\n<p class=\"has-medium-font-size\">Centro de Eventos Mari\u00e1polis Ginetta&nbsp;<\/p>\n\n\n\n<p class=\"has-medium-font-size\">Vargem Grande Paulista\/SP&nbsp;<\/p>\n\n\n\n<p class=\"has-medium-font-size\">\u00a1Pr\u00f3ximamente m\u00e1s informaci\u00f3n!<\/p>\n\n\n\n<figure class=\"wp-block-image size-large\"><img fetchpriority=\"high\" decoding=\"async\" width=\"819\" height=\"1024\" src=\"https:\/\/www.focolaresciudadnueva.com\/wp-content\/uploads\/2025\/02\/Imagen-de-WhatsApp-2025-02-20-a-las-15.49.27_e6100dc9-819x1024.jpg\" alt=\"\" class=\"wp-image-16612\" srcset=\"https:\/\/www.focolaresciudadnueva.com\/wp-content\/uploads\/2025\/02\/Imagen-de-WhatsApp-2025-02-20-a-las-15.49.27_e6100dc9-819x1024.jpg 819w, https:\/\/www.focolaresciudadnueva.com\/wp-content\/uploads\/2025\/02\/Imagen-de-WhatsApp-2025-02-20-a-las-15.49.27_e6100dc9-240x300.jpg 240w, https:\/\/www.focolaresciudadnueva.com\/wp-content\/uploads\/2025\/02\/Imagen-de-WhatsApp-2025-02-20-a-las-15.49.27_e6100dc9-768x960.jpg 768w, https:\/\/www.focolaresciudadnueva.com\/wp-content\/uploads\/2025\/02\/Imagen-de-WhatsApp-2025-02-20-a-las-15.49.27_e6100dc9-72x90.jpg 72w, https:\/\/www.focolaresciudadnueva.com\/wp-content\/uploads\/2025\/02\/Imagen-de-WhatsApp-2025-02-20-a-las-15.49.27_e6100dc9-750x938.jpg 750w, https:\/\/www.focolaresciudadnueva.com\/wp-content\/uploads\/2025\/02\/Imagen-de-WhatsApp-2025-02-20-a-las-15.49.27_e6100dc9.jpg 1080w\" sizes=\"(max-width: 819px) 100vw, 819px\" \/><\/figure>\n\n\n\n<p><\/p>\n","protected":false},"excerpt":{"rendered":"<p>Ya tenemos fecha y lugar para este encuentro, dirigido a j\u00f3venes de 18 a 35 a\u00f1os que creen en una nueva econom\u00eda, por un mundo m\u00e1s justo, regenerador y fraterno.\u00a0 <a href=\"https:\/\/www.focolaresciudadnueva.com\/inicio\/escuela-internacional-de-economia-de-comunion\/\" class=\"more-link\">Continue reading <span class=\"screen-reader-text\">Escuela Internacional de Econom\u00eda de Comuni\u00f3n<\/span><\/a><\/p>\n","protected":false},"author":4,"featured_media":16612,"comment_status":"open","ping_status":"open","sticky":false,"template":"","format":"standard","meta":{"footnotes":""},"categories":[60,135],"tags":[],"class_list":["post-16611","post","type-post","status-publish","format-standard","has-post-thumbnail","hentry","category-dialogos-en-la-cultura","category-edc-economia-de-comunion"],"wpmagazine_modules_lite_featured_media_urls":{"thumbnail":["https:\/\/www.focolaresciudadnueva.com\/wp-content\/uploads\/2025\/02\/Imagen-de-WhatsApp-2025-02-20-a-las-15.49.27_e6100dc9-150x150.jpg",150,150,true],"cvmm-medium":["https:\/\/www.focolaresciudadnueva.com\/wp-content\/uploads\/2025\/02\/Imagen-de-WhatsApp-2025-02-20-a-las-15.49.27_e6100dc9-300x300.jpg",300,300,true],"cvmm-medium-plus":["https:\/\/www.focolaresciudadnueva.com\/wp-content\/uploads\/2025\/02\/Imagen-de-WhatsApp-2025-02-20-a-las-15.49.27_e6100dc9-305x207.jpg",305,207,true],"cvmm-portrait":["https:\/\/www.focolaresciudadnueva.com\/wp-content\/uploads\/2025\/02\/Imagen-de-WhatsApp-2025-02-20-a-las-15.49.27_e6100dc9-400x600.jpg",400,600,true],"cvmm-medium-square":["https:\/\/www.focolaresciudadnueva.com\/wp-content\/uploads\/2025\/02\/Imagen-de-WhatsApp-2025-02-20-a-las-15.49.27_e6100dc9-600x600.jpg",600,600,true],"cvmm-large":["https:\/\/www.focolaresciudadnueva.com\/wp-content\/uploads\/2025\/02\/Imagen-de-WhatsApp-2025-02-20-a-las-15.49.27_e6100dc9-1024x1024.jpg",1024,1024,true],"cvmm-small":["https:\/\/www.focolaresciudadnueva.com\/wp-content\/uploads\/2025\/02\/Imagen-de-WhatsApp-2025-02-20-a-las-15.49.27_e6100dc9-130x95.jpg",130,95,true],"full":["https:\/\/www.focolaresciudadnueva.com\/wp-content\/uploads\/2025\/02\/Imagen-de-WhatsApp-2025-02-20-a-las-15.49.27_e6100dc9.jpg",1080,1350,false]},"categories_names":{"60":{"name":"Di\u00e1logos en la Cultura","link":"https:\/\/www.focolaresciudadnueva.com\/inicio\/category\/dialogos-en-la-cultura\/"},"135":{"name":"EDC - Econom\u00eda de Comuni\u00f3n","link":"https:\/\/www.focolaresciudadnueva.com\/inicio\/category\/dialogos-en-la-cultura\/edc-economia-de-comunion\/"}},"tags_names":[],"comments_number":"0","_links":{"self":[{"href":"https:\/\/www.focolaresciudadnueva.com\/inicio\/wp-json\/wp\/v2\/posts\/16611","targetHints":{"allow":["GET"]}}],"collection":[{"href":"https:\/\/www.focolaresciudadnueva.com\/inicio\/wp-json\/wp\/v2\/posts"}],"about":[{"href":"https:\/\/www.focolaresciudadnueva.com\/inicio\/wp-json\/wp\/v2\/types\/post"}],"author":[{"embeddable":true,"href":"https:\/\/www.focolaresciudadnueva.com\/inicio\/wp-json\/wp\/v2\/users\/4"}],"replies":[{"embeddable":true,"href":"https:\/\/www.focolaresciudadnueva.com\/inicio\/wp-json\/wp\/v2\/comments?post=16611"}],"version-history":[{"count":1,"href":"https:\/\/www.focolaresciudadnueva.com\/inicio\/wp-json\/wp\/v2\/posts\/16611\/revisions"}],"predecessor-version":[{"id":16613,"href":"https:\/\/www.focolaresciudadnueva.com\/inicio\/wp-json\/wp\/v2\/posts\/16611\/revisions\/16613"}],"wp:featuredmedia":[{"embeddable":true,"href":"https:\/\/www.focolaresciudadnueva.com\/inicio\/wp-json\/wp\/v2\/media\/16612"}],"wp:attachment":[{"href":"https:\/\/www.focolaresciudadnueva.com\/inicio\/wp-json\/wp\/v2\/media?parent=16611"}],"wp:term":[{"taxonomy":"category","embeddable":true,"href":"https:\/\/www.focolaresciudadnueva.com\/inicio\/wp-json\/wp\/v2\/categories?post=16611"},{"taxonomy":"post_tag","embeddable":true,"href":"https:\/\/www.focolaresciudadnueva.com\/inicio\/wp-json\/wp\/v2\/tags?post=16611"}],"curies":[{"name":"wp","href":"https:\/\/api.w.org\/{rel}","templated":true}]}}