{"id":16239,"date":"2025-02-06T06:00:00","date_gmt":"2025-02-06T10:00:00","guid":{"rendered":"https:\/\/www.focolaresciudadnueva.com\/inicio\/?p=16239"},"modified":"2025-02-04T18:19:28","modified_gmt":"2025-02-04T22:19:28","slug":"living-peace-en-santander-oriente-colombiano","status":"publish","type":"post","link":"https:\/\/www.focolaresciudadnueva.com\/inicio\/living-peace-en-santander-oriente-colombiano\/","title":{"rendered":"Living Peace en Santander, oriente colombiano"},"content":{"rendered":"\n<p class=\"has-medium-font-size\">En la instituci\u00f3n educativa colegio San Jos\u00e9 de Guant\u00e1n en Santander,\u00a0nos reunimos en el patio principal donde los estudiantes elaboraron sus mensajes en favor de la paz y no violencia escolar y posteriormente fueron llevados a cada uno de sus salones para dejarlos como testimonio de este pacto.<\/p>\n\n\n\n<figure class=\"wp-block-image size-large\"><img fetchpriority=\"high\" decoding=\"async\" width=\"1024\" height=\"682\" src=\"https:\/\/www.focolaresciudadnueva.com\/wp-content\/uploads\/2025\/02\/COLOMBIA-SANTANDER-LPEACE2-1024x682.jpg\" alt=\"\" class=\"wp-image-16244\" srcset=\"https:\/\/www.focolaresciudadnueva.com\/wp-content\/uploads\/2025\/02\/COLOMBIA-SANTANDER-LPEACE2-1024x682.jpg 1024w, https:\/\/www.focolaresciudadnueva.com\/wp-content\/uploads\/2025\/02\/COLOMBIA-SANTANDER-LPEACE2-300x200.jpg 300w, https:\/\/www.focolaresciudadnueva.com\/wp-content\/uploads\/2025\/02\/COLOMBIA-SANTANDER-LPEACE2-768x512.jpg 768w, https:\/\/www.focolaresciudadnueva.com\/wp-content\/uploads\/2025\/02\/COLOMBIA-SANTANDER-LPEACE2-1536x1023.jpg 1536w, https:\/\/www.focolaresciudadnueva.com\/wp-content\/uploads\/2025\/02\/COLOMBIA-SANTANDER-LPEACE2-135x90.jpg 135w, https:\/\/www.focolaresciudadnueva.com\/wp-content\/uploads\/2025\/02\/COLOMBIA-SANTANDER-LPEACE2-750x500.jpg 750w, https:\/\/www.focolaresciudadnueva.com\/wp-content\/uploads\/2025\/02\/COLOMBIA-SANTANDER-LPEACE2-1140x760.jpg 1140w, https:\/\/www.focolaresciudadnueva.com\/wp-content\/uploads\/2025\/02\/COLOMBIA-SANTANDER-LPEACE2.jpg 1600w\" sizes=\"(max-width: 1024px) 100vw, 1024px\" \/><\/figure>\n\n\n\n<p class=\"has-medium-font-size\"><\/p>\n\n\n\n<figure class=\"wp-block-image size-large\"><img decoding=\"async\" width=\"1024\" height=\"682\" src=\"https:\/\/www.focolaresciudadnueva.com\/wp-content\/uploads\/2025\/02\/COLOMBIA-SANTANDER-LPEACE3-1024x682.jpg\" alt=\"\" class=\"wp-image-16247\" srcset=\"https:\/\/www.focolaresciudadnueva.com\/wp-content\/uploads\/2025\/02\/COLOMBIA-SANTANDER-LPEACE3-1024x682.jpg 1024w, https:\/\/www.focolaresciudadnueva.com\/wp-content\/uploads\/2025\/02\/COLOMBIA-SANTANDER-LPEACE3-300x200.jpg 300w, https:\/\/www.focolaresciudadnueva.com\/wp-content\/uploads\/2025\/02\/COLOMBIA-SANTANDER-LPEACE3-768x512.jpg 768w, https:\/\/www.focolaresciudadnueva.com\/wp-content\/uploads\/2025\/02\/COLOMBIA-SANTANDER-LPEACE3-1536x1023.jpg 1536w, https:\/\/www.focolaresciudadnueva.com\/wp-content\/uploads\/2025\/02\/COLOMBIA-SANTANDER-LPEACE3-135x90.jpg 135w, https:\/\/www.focolaresciudadnueva.com\/wp-content\/uploads\/2025\/02\/COLOMBIA-SANTANDER-LPEACE3-750x500.jpg 750w, https:\/\/www.focolaresciudadnueva.com\/wp-content\/uploads\/2025\/02\/COLOMBIA-SANTANDER-LPEACE3-1140x760.jpg 1140w, https:\/\/www.focolaresciudadnueva.com\/wp-content\/uploads\/2025\/02\/COLOMBIA-SANTANDER-LPEACE3.jpg 1600w\" sizes=\"(max-width: 1024px) 100vw, 1024px\" \/><\/figure>\n\n\n\n<figure class=\"wp-block-image size-large\"><img decoding=\"async\" width=\"1024\" height=\"682\" src=\"https:\/\/www.focolaresciudadnueva.com\/wp-content\/uploads\/2025\/02\/COLOMBIA-SANTANDER-LPEACE4-1024x682.jpg\" alt=\"\" class=\"wp-image-16248\" srcset=\"https:\/\/www.focolaresciudadnueva.com\/wp-content\/uploads\/2025\/02\/COLOMBIA-SANTANDER-LPEACE4-1024x682.jpg 1024w, https:\/\/www.focolaresciudadnueva.com\/wp-content\/uploads\/2025\/02\/COLOMBIA-SANTANDER-LPEACE4-300x200.jpg 300w, https:\/\/www.focolaresciudadnueva.com\/wp-content\/uploads\/2025\/02\/COLOMBIA-SANTANDER-LPEACE4-768x512.jpg 768w, https:\/\/www.focolaresciudadnueva.com\/wp-content\/uploads\/2025\/02\/COLOMBIA-SANTANDER-LPEACE4-1536x1023.jpg 1536w, https:\/\/www.focolaresciudadnueva.com\/wp-content\/uploads\/2025\/02\/COLOMBIA-SANTANDER-LPEACE4-135x90.jpg 135w, https:\/\/www.focolaresciudadnueva.com\/wp-content\/uploads\/2025\/02\/COLOMBIA-SANTANDER-LPEACE4-750x500.jpg 750w, https:\/\/www.focolaresciudadnueva.com\/wp-content\/uploads\/2025\/02\/COLOMBIA-SANTANDER-LPEACE4-1140x760.jpg 1140w, https:\/\/www.focolaresciudadnueva.com\/wp-content\/uploads\/2025\/02\/COLOMBIA-SANTANDER-LPEACE4.jpg 1600w\" sizes=\"(max-width: 1024px) 100vw, 1024px\" \/><\/figure>\n","protected":false},"excerpt":{"rendered":"<p>Santander queda en parte de la frontera colombo venezolana y all\u00ed tiene presencia Living Peace.  <a href=\"https:\/\/www.focolaresciudadnueva.com\/inicio\/living-peace-en-santander-oriente-colombiano\/\" class=\"more-link\">Continue reading <span class=\"screen-reader-text\">Living Peace en Santander, oriente colombiano<\/span><\/a><\/p>\n","protected":false},"author":4,"featured_media":16240,"comment_status":"open","ping_status":"open","sticky":false,"template":"","format":"standard","meta":{"footnotes":""},"categories":[71,162],"tags":[],"class_list":["post-16239","post","type-post","status-publish","format-standard","has-post-thumbnail","hentry","category-colombia","category-comunidades"],"wpmagazine_modules_lite_featured_media_urls":{"thumbnail":["https:\/\/www.focolaresciudadnueva.com\/wp-content\/uploads\/2025\/02\/Imagen-de-WhatsApp-2025-02-04-a-las-09.36.57_7ebe8d95-150x150.jpg",150,150,true],"cvmm-medium":["https:\/\/www.focolaresciudadnueva.com\/wp-content\/uploads\/2025\/02\/Imagen-de-WhatsApp-2025-02-04-a-las-09.36.57_7ebe8d95-300x300.jpg",300,300,true],"cvmm-medium-plus":["https:\/\/www.focolaresciudadnueva.com\/wp-content\/uploads\/2025\/02\/Imagen-de-WhatsApp-2025-02-04-a-las-09.36.57_7ebe8d95-305x207.jpg",305,207,true],"cvmm-portrait":["https:\/\/www.focolaresciudadnueva.com\/wp-content\/uploads\/2025\/02\/Imagen-de-WhatsApp-2025-02-04-a-las-09.36.57_7ebe8d95-400x600.jpg",400,600,true],"cvmm-medium-square":["https:\/\/www.focolaresciudadnueva.com\/wp-content\/uploads\/2025\/02\/Imagen-de-WhatsApp-2025-02-04-a-las-09.36.57_7ebe8d95-600x600.jpg",600,600,true],"cvmm-large":["https:\/\/www.focolaresciudadnueva.com\/wp-content\/uploads\/2025\/02\/Imagen-de-WhatsApp-2025-02-04-a-las-09.36.57_7ebe8d95-1024x1024.jpg",1024,1024,true],"cvmm-small":["https:\/\/www.focolaresciudadnueva.com\/wp-content\/uploads\/2025\/02\/Imagen-de-WhatsApp-2025-02-04-a-las-09.36.57_7ebe8d95-130x95.jpg",130,95,true],"full":["https:\/\/www.focolaresciudadnueva.com\/wp-content\/uploads\/2025\/02\/Imagen-de-WhatsApp-2025-02-04-a-las-09.36.57_7ebe8d95.jpg",1600,1066,false]},"categories_names":{"71":{"name":"Colombia","link":"https:\/\/www.focolaresciudadnueva.com\/inicio\/category\/colombia\/"},"162":{"name":"Comunidades","link":"https:\/\/www.focolaresciudadnueva.com\/inicio\/category\/comunidades\/"}},"tags_names":[],"comments_number":"0","_links":{"self":[{"href":"https:\/\/www.focolaresciudadnueva.com\/inicio\/wp-json\/wp\/v2\/posts\/16239","targetHints":{"allow":["GET"]}}],"collection":[{"href":"https:\/\/www.focolaresciudadnueva.com\/inicio\/wp-json\/wp\/v2\/posts"}],"about":[{"href":"https:\/\/www.focolaresciudadnueva.com\/inicio\/wp-json\/wp\/v2\/types\/post"}],"author":[{"embeddable":true,"href":"https:\/\/www.focolaresciudadnueva.com\/inicio\/wp-json\/wp\/v2\/users\/4"}],"replies":[{"embeddable":true,"href":"https:\/\/www.focolaresciudadnueva.com\/inicio\/wp-json\/wp\/v2\/comments?post=16239"}],"version-history":[{"count":4,"href":"https:\/\/www.focolaresciudadnueva.com\/inicio\/wp-json\/wp\/v2\/posts\/16239\/revisions"}],"predecessor-version":[{"id":16249,"href":"https:\/\/www.focolaresciudadnueva.com\/inicio\/wp-json\/wp\/v2\/posts\/16239\/revisions\/16249"}],"wp:featuredmedia":[{"embeddable":true,"href":"https:\/\/www.focolaresciudadnueva.com\/inicio\/wp-json\/wp\/v2\/media\/16240"}],"wp:attachment":[{"href":"https:\/\/www.focolaresciudadnueva.com\/inicio\/wp-json\/wp\/v2\/media?parent=16239"}],"wp:term":[{"taxonomy":"category","embeddable":true,"href":"https:\/\/www.focolaresciudadnueva.com\/inicio\/wp-json\/wp\/v2\/categories?post=16239"},{"taxonomy":"post_tag","embeddable":true,"href":"https:\/\/www.focolaresciudadnueva.com\/inicio\/wp-json\/wp\/v2\/tags?post=16239"}],"curies":[{"name":"wp","href":"https:\/\/api.w.org\/{rel}","templated":true}]}}