{"id":16236,"date":"2025-02-04T18:03:38","date_gmt":"2025-02-04T22:03:38","guid":{"rendered":"https:\/\/www.focolaresciudadnueva.com\/inicio\/?p=16236"},"modified":"2025-02-04T18:03:39","modified_gmt":"2025-02-04T22:03:39","slug":"arzobispo-de-san-salvador-pide-derogar-la-mineria-mientras-crece-el-rechazo-ciudadano","status":"publish","type":"post","link":"https:\/\/www.focolaresciudadnueva.com\/inicio\/arzobispo-de-san-salvador-pide-derogar-la-mineria-mientras-crece-el-rechazo-ciudadano\/","title":{"rendered":"Arzobispo de San Salvador pide derogar la miner\u00eda mientras crece el rechazo ciudadano"},"content":{"rendered":"\n<p><a href=\"https:\/\/adn.celam.org\/arzobispo-de-san-salvador-pide-derogar-la-mineria-mientras-crece-el-rechazo-ciudadano\/\">\u00a0ADN CELAM<\/a><\/p>\n\n\n\n<figure class=\"wp-block-image\"><img decoding=\"async\" src=\"https:\/\/lh7-rt.googleusercontent.com\/docsz\/AD_4nXdu17qM5GBbW4TFGEhgBMdp2G92adsTvFLVVycpQ4Hn-Dtfkz1Lf1Rn0uZI2R4tuPHo-1b0aU-pxCj3Z20hJQG4g5dd_1uWpkhA8bR06S4_wjkCJI5BaiPeh19QviCQDerM5mKQ?key=oYpTBR9wV39vDAZMp6XursJv\" alt=\"Foto: El Faro\"\/><\/figure>\n\n\n\n<p class=\"has-medium-font-size\"><strong><em>Uno de los principales l\u00edderes de la Iglesia cat\u00f3lica en El Salvador, monse\u00f1or Luis Escobar Alas, pidi\u00f3 a la Asamblea Legislativa revertir la Ley General de Miner\u00eda Met\u00e1lica, promovida por el presidente Nayib Bukele y avalada por la Asamblea Legislativa en diciembre de 2024. Para soportar esta petici\u00f3n la Conferencia Episcopal ha anunciado algunas acciones que invitan a la movilizaci\u00f3n pac\u00edfica de los ciudadanos para contrarrestar esta decisi\u00f3n.<\/em><\/strong><\/p>\n\n\n\n<p class=\"has-medium-font-size\">\u201cEstamos pidiendo a la honorable Asamblea Legislativa que <strong>reconsidere la aprobaci\u00f3n de esta Ley de Miner\u00eda y reviertan lo actuado<\/strong>, para que tengamos la ley antigua, para que sea prohibida la miner\u00eda\u201d, expuso el arzobispo para una cadena radial de ese pa\u00eds.<\/p>\n\n\n\n<h3 class=\"wp-block-heading\">Acciones a seguir por pate de la Iglesia<\/h3>\n\n\n\n<p class=\"has-medium-font-size\">En este sentido el arzobispo de El Salvador indic\u00f3 que la Iglesia seguir\u00e1 insistiendo en la derogaci\u00f3n de esta Ley. Asimismo, observ\u00f3 que<strong> la Iglesia ya inici\u00f3 la recolecci\u00f3n de un mill\u00f3n de firmas<\/strong> que presentar\u00e1n posteriormente a la Asamblea Legislativa solicitando la anulaci\u00f3n de la ley.<\/p>\n\n\n\n<p class=\"has-medium-font-size\">Por otra parte, <strong>anim\u00f3 para que el pr\u00f3ximo viernes 7 de marzo los ciudadanos se unan a una jornada de oraci\u00f3n y ayuno<\/strong> pidiendo por esta intenci\u00f3n. \u201cNos dirigimos a todas las personas de buena voluntad y que procuran el bien com\u00fan, para pedirles que oremos por nuestro pa\u00eds\u201d.<\/p>\n\n\n\n<h3 class=\"wp-block-heading\">Una ley pol\u00e9mica que revive el debate ambiental<\/h3>\n\n\n\n<p class=\"has-medium-font-size\">Cabe recordar que, <strong>en marzo de 2017,<\/strong> tras a\u00f1os de lucha social, l<strong>a Asamblea Legislativa prohibi\u00f3 la explotaci\u00f3n minera<\/strong> en El Salvador. Sin embargo, el actual presidente de la Rep\u00fablica volvi\u00f3 a traer en la agenda p\u00fablica la extracci\u00f3n minera, siendo aprobada en menos de un mes por los diputados y <strong>sin contar con el consenso de la poblaci\u00f3n<\/strong>.<\/p>\n\n\n\n<p class=\"has-medium-font-size\">El gobierno de <strong>Bukele argumenta que la nueva legislaci\u00f3n permitir\u00e1 una miner\u00eda \u201cresponsable\u201d<\/strong> y que traer\u00e1 beneficios econ\u00f3micos al pa\u00eds. Sin embargo, organizaciones ambientalistas, universidades y comunidades rurales han advertido sobre los efectos negativos de esta decisi\u00f3n.<\/p>\n\n\n\n<p class=\"has-medium-font-size\">Seg\u00fan estudios realizados por ambientalistas,<strong> el permitir de nuevo la miner\u00eda<\/strong> en este pa\u00eds lograr\u00eda <strong>impactar negativamente a m\u00e1s de cuatro millones<\/strong> de salvadore\u00f1os cercanos a esta zona norte donde se tiene contemplado realizar la extracci\u00f3n de mineral. Los sitios de mayor afectaci\u00f3n ser\u00edan los ubicados en los departamentos como Caba\u00f1as, San Vicente, Moraz\u00e1n, San Miguel, Usulut\u00e1n, Chalatenango y La Uni\u00f3n. Tambi\u00e9n, a esto se le sumar\u00eda la <strong>preocupaci\u00f3n por la posible contaminaci\u00f3n del r\u00edo<\/strong> Lempa, principal fuente de agua potable para m\u00e1s del 50 % de la poblaci\u00f3n salvadore\u00f1a.<\/p>\n\n\n\n<h3 class=\"wp-block-heading\">Mayor\u00eda de salvadore\u00f1os rechaza la miner\u00eda<\/h3>\n\n\n\n<p class=\"has-medium-font-size\">La oposici\u00f3n a la miner\u00eda no solo proviene de la Iglesia y los ambientalistas. Un sondeo del Centro de Estudios Ciudadanos (CEC) de la Universidad Francisco Gavidia (UFG) revel\u00f3 que el <strong>48,73 % de los salvadore\u00f1os no apoya la iniciativa de Bukele,<\/strong> mientras que solo el 23,51 % la respalda.<\/p>\n\n\n\n<p class=\"has-medium-font-size\">Este dato refuerza la postura de quienes consideran que la ley fue aprobada sin tomar en cuenta la opini\u00f3n de la ciudadan\u00eda y sin un debate profundo sobre las consecuencias ambientales y sociales.<\/p>\n\n\n\n<p class=\"has-medium-font-size\">A pesar del creciente rechazo, el gobierno no ha dado se\u00f1ales de dar marcha atr\u00e1s en su apuesta por la miner\u00eda. Sin embargo, <strong>la presi\u00f3n de la Iglesia cat\u00f3lica, sumada a la de ambientalistas<\/strong> y comunidades afectadas, <strong>podr\u00eda influir en el debate<\/strong> pol\u00edtico y abrir la posibilidad de revertir la normativa.<\/p>\n","protected":false},"excerpt":{"rendered":"<p>Estamos pidiendo a la honorable Asamblea Legislativa que reconsidere la aprobaci\u00f3n de esta Ley de Miner\u00eda y reviertan lo actuado, para que tengamos la ley antigua, para que sea prohibida la miner\u00eda\u201d, expuso el arzobispo para una cadena radial de ese pa\u00eds. <a href=\"https:\/\/www.focolaresciudadnueva.com\/inicio\/arzobispo-de-san-salvador-pide-derogar-la-mineria-mientras-crece-el-rechazo-ciudadano\/\" class=\"more-link\">Continue reading <span class=\"screen-reader-text\">Arzobispo de San Salvador pide derogar la miner\u00eda mientras crece el rechazo ciudadano<\/span><\/a><\/p>\n","protected":false},"author":4,"featured_media":16237,"comment_status":"open","ping_status":"open","sticky":false,"template":"","format":"standard","meta":{"footnotes":""},"categories":[63],"tags":[],"class_list":["post-16236","post","type-post","status-publish","format-standard","has-post-thumbnail","hentry","category-iglesia"],"wpmagazine_modules_lite_featured_media_urls":{"thumbnail":["https:\/\/www.focolaresciudadnueva.com\/wp-content\/uploads\/2025\/02\/EL-SALVADOR-MINERIA-CELAM1-150x150.jpg",150,150,true],"cvmm-medium":["https:\/\/www.focolaresciudadnueva.com\/wp-content\/uploads\/2025\/02\/EL-SALVADOR-MINERIA-CELAM1-300x300.jpg",300,300,true],"cvmm-medium-plus":["https:\/\/www.focolaresciudadnueva.com\/wp-content\/uploads\/2025\/02\/EL-SALVADOR-MINERIA-CELAM1-305x207.jpg",305,207,true],"cvmm-portrait":["https:\/\/www.focolaresciudadnueva.com\/wp-content\/uploads\/2025\/02\/EL-SALVADOR-MINERIA-CELAM1-400x559.jpg",400,559,true],"cvmm-medium-square":["https:\/\/www.focolaresciudadnueva.com\/wp-content\/uploads\/2025\/02\/EL-SALVADOR-MINERIA-CELAM1-600x559.jpg",600,559,true],"cvmm-large":["https:\/\/www.focolaresciudadnueva.com\/wp-content\/uploads\/2025\/02\/EL-SALVADOR-MINERIA-CELAM1.jpg",958,559,false],"cvmm-small":["https:\/\/www.focolaresciudadnueva.com\/wp-content\/uploads\/2025\/02\/EL-SALVADOR-MINERIA-CELAM1-130x95.jpg",130,95,true],"full":["https:\/\/www.focolaresciudadnueva.com\/wp-content\/uploads\/2025\/02\/EL-SALVADOR-MINERIA-CELAM1.jpg",958,559,false]},"categories_names":{"63":{"name":"Iglesia","link":"https:\/\/www.focolaresciudadnueva.com\/inicio\/category\/iglesia\/"}},"tags_names":[],"comments_number":"0","_links":{"self":[{"href":"https:\/\/www.focolaresciudadnueva.com\/inicio\/wp-json\/wp\/v2\/posts\/16236","targetHints":{"allow":["GET"]}}],"collection":[{"href":"https:\/\/www.focolaresciudadnueva.com\/inicio\/wp-json\/wp\/v2\/posts"}],"about":[{"href":"https:\/\/www.focolaresciudadnueva.com\/inicio\/wp-json\/wp\/v2\/types\/post"}],"author":[{"embeddable":true,"href":"https:\/\/www.focolaresciudadnueva.com\/inicio\/wp-json\/wp\/v2\/users\/4"}],"replies":[{"embeddable":true,"href":"https:\/\/www.focolaresciudadnueva.com\/inicio\/wp-json\/wp\/v2\/comments?post=16236"}],"version-history":[{"count":1,"href":"https:\/\/www.focolaresciudadnueva.com\/inicio\/wp-json\/wp\/v2\/posts\/16236\/revisions"}],"predecessor-version":[{"id":16238,"href":"https:\/\/www.focolaresciudadnueva.com\/inicio\/wp-json\/wp\/v2\/posts\/16236\/revisions\/16238"}],"wp:featuredmedia":[{"embeddable":true,"href":"https:\/\/www.focolaresciudadnueva.com\/inicio\/wp-json\/wp\/v2\/media\/16237"}],"wp:attachment":[{"href":"https:\/\/www.focolaresciudadnueva.com\/inicio\/wp-json\/wp\/v2\/media?parent=16236"}],"wp:term":[{"taxonomy":"category","embeddable":true,"href":"https:\/\/www.focolaresciudadnueva.com\/inicio\/wp-json\/wp\/v2\/categories?post=16236"},{"taxonomy":"post_tag","embeddable":true,"href":"https:\/\/www.focolaresciudadnueva.com\/inicio\/wp-json\/wp\/v2\/tags?post=16236"}],"curies":[{"name":"wp","href":"https:\/\/api.w.org\/{rel}","templated":true}]}}