{"id":16232,"date":"2025-02-05T06:00:00","date_gmt":"2025-02-05T10:00:00","guid":{"rendered":"https:\/\/www.focolaresciudadnueva.com\/inicio\/?p=16232"},"modified":"2025-02-04T16:27:41","modified_gmt":"2025-02-04T20:27:41","slug":"iv-asamblea-nacional-de-laicos-del-peru","status":"publish","type":"post","link":"https:\/\/www.focolaresciudadnueva.com\/inicio\/iv-asamblea-nacional-de-laicos-del-peru\/","title":{"rendered":"IV asamblea nacional de Laicos del Per\u00fa"},"content":{"rendered":"\n<figure class=\"wp-block-image size-full is-resized\"><img fetchpriority=\"high\" decoding=\"async\" width=\"639\" height=\"358\" src=\"https:\/\/www.focolaresciudadnueva.com\/wp-content\/uploads\/2025\/02\/image-4.png\" alt=\"\" class=\"wp-image-16234\" style=\"width:899px;height:auto\" srcset=\"https:\/\/www.focolaresciudadnueva.com\/wp-content\/uploads\/2025\/02\/image-4.png 639w, https:\/\/www.focolaresciudadnueva.com\/wp-content\/uploads\/2025\/02\/image-4-300x168.png 300w, https:\/\/www.focolaresciudadnueva.com\/wp-content\/uploads\/2025\/02\/image-4-161x90.png 161w\" sizes=\"(max-width: 639px) 100vw, 639px\" \/><\/figure>\n\n\n\n<p class=\"has-medium-font-size\">Del 31 de enero al 2 de febrero &#8217;25 se realiz\u00f3 en Lima la IV asamblea nacional de Laicos del Per\u00fa, con representantes de m\u00e1s de 60 movimientos laicales y la presencia de Monse\u00f1or Carlos Alberto Salcedo Ojeda, Obispo de Huancavelica y es el Obispo que acompa\u00f1a nuestra \u00e1rea de Laicos en la comisi\u00f3n Episcopal de J\u00f3venes y Laicos.<\/p>\n\n\n\n<p><\/p>\n","protected":false},"excerpt":{"rendered":"<p>Del 31 de enero al 2 de febrero &#8217;25 se realiz\u00f3 en Lima la IV asamblea nacional de Laicos del Per\u00fa <a href=\"https:\/\/www.focolaresciudadnueva.com\/inicio\/iv-asamblea-nacional-de-laicos-del-peru\/\" class=\"more-link\">Continue reading <span class=\"screen-reader-text\">IV asamblea nacional de Laicos del Per\u00fa<\/span><\/a><\/p>\n","protected":false},"author":4,"featured_media":16233,"comment_status":"open","ping_status":"open","sticky":false,"template":"","format":"standard","meta":{"footnotes":""},"categories":[162,107],"tags":[],"class_list":["post-16232","post","type-post","status-publish","format-standard","has-post-thumbnail","hentry","category-comunidades","category-peru"],"wpmagazine_modules_lite_featured_media_urls":{"thumbnail":["https:\/\/www.focolaresciudadnueva.com\/wp-content\/uploads\/2025\/02\/PLAZA-PERU-ASAMBLEA-LAICOS1-150x150.png",150,150,true],"cvmm-medium":["https:\/\/www.focolaresciudadnueva.com\/wp-content\/uploads\/2025\/02\/PLAZA-PERU-ASAMBLEA-LAICOS1-300x300.png",300,300,true],"cvmm-medium-plus":["https:\/\/www.focolaresciudadnueva.com\/wp-content\/uploads\/2025\/02\/PLAZA-PERU-ASAMBLEA-LAICOS1-305x207.png",305,207,true],"cvmm-portrait":["https:\/\/www.focolaresciudadnueva.com\/wp-content\/uploads\/2025\/02\/PLAZA-PERU-ASAMBLEA-LAICOS1-400x600.png",400,600,true],"cvmm-medium-square":["https:\/\/www.focolaresciudadnueva.com\/wp-content\/uploads\/2025\/02\/PLAZA-PERU-ASAMBLEA-LAICOS1-600x600.png",600,600,true],"cvmm-large":["https:\/\/www.focolaresciudadnueva.com\/wp-content\/uploads\/2025\/02\/PLAZA-PERU-ASAMBLEA-LAICOS1-1024x777.png",1024,777,true],"cvmm-small":["https:\/\/www.focolaresciudadnueva.com\/wp-content\/uploads\/2025\/02\/PLAZA-PERU-ASAMBLEA-LAICOS1-130x95.png",130,95,true],"full":["https:\/\/www.focolaresciudadnueva.com\/wp-content\/uploads\/2025\/02\/PLAZA-PERU-ASAMBLEA-LAICOS1.png",1845,777,false]},"categories_names":{"162":{"name":"Comunidades","link":"https:\/\/www.focolaresciudadnueva.com\/inicio\/category\/comunidades\/"},"107":{"name":"Per\u00fa","link":"https:\/\/www.focolaresciudadnueva.com\/inicio\/category\/peru\/"}},"tags_names":[],"comments_number":"0","_links":{"self":[{"href":"https:\/\/www.focolaresciudadnueva.com\/inicio\/wp-json\/wp\/v2\/posts\/16232","targetHints":{"allow":["GET"]}}],"collection":[{"href":"https:\/\/www.focolaresciudadnueva.com\/inicio\/wp-json\/wp\/v2\/posts"}],"about":[{"href":"https:\/\/www.focolaresciudadnueva.com\/inicio\/wp-json\/wp\/v2\/types\/post"}],"author":[{"embeddable":true,"href":"https:\/\/www.focolaresciudadnueva.com\/inicio\/wp-json\/wp\/v2\/users\/4"}],"replies":[{"embeddable":true,"href":"https:\/\/www.focolaresciudadnueva.com\/inicio\/wp-json\/wp\/v2\/comments?post=16232"}],"version-history":[{"count":1,"href":"https:\/\/www.focolaresciudadnueva.com\/inicio\/wp-json\/wp\/v2\/posts\/16232\/revisions"}],"predecessor-version":[{"id":16235,"href":"https:\/\/www.focolaresciudadnueva.com\/inicio\/wp-json\/wp\/v2\/posts\/16232\/revisions\/16235"}],"wp:featuredmedia":[{"embeddable":true,"href":"https:\/\/www.focolaresciudadnueva.com\/inicio\/wp-json\/wp\/v2\/media\/16233"}],"wp:attachment":[{"href":"https:\/\/www.focolaresciudadnueva.com\/inicio\/wp-json\/wp\/v2\/media?parent=16232"}],"wp:term":[{"taxonomy":"category","embeddable":true,"href":"https:\/\/www.focolaresciudadnueva.com\/inicio\/wp-json\/wp\/v2\/categories?post=16232"},{"taxonomy":"post_tag","embeddable":true,"href":"https:\/\/www.focolaresciudadnueva.com\/inicio\/wp-json\/wp\/v2\/tags?post=16232"}],"curies":[{"name":"wp","href":"https:\/\/api.w.org\/{rel}","templated":true}]}}