{"id":16226,"date":"2025-02-04T16:02:23","date_gmt":"2025-02-04T20:02:23","guid":{"rendered":"https:\/\/www.focolaresciudadnueva.com\/inicio\/?p=16226"},"modified":"2025-02-10T18:00:09","modified_gmt":"2025-02-10T22:00:09","slug":"y-como-hacemos-frente-a-los-cambios-de-hoy-mario-guzman-formador-de-escuela-alma-nos-responde-en-las-preguntas-que-nos-hacemos","status":"publish","type":"post","link":"https:\/\/www.focolaresciudadnueva.com\/inicio\/y-como-hacemos-frente-a-los-cambios-de-hoy-mario-guzman-formador-de-escuela-alma-nos-responde-en-las-preguntas-que-nos-hacemos\/","title":{"rendered":"\u00bfY c\u00f3mo hacemos frente a los cambios de hoy? Mario Guzm\u00e1n, formador de Escuela ALMA nos responde"},"content":{"rendered":"\n<p class=\"has-medium-font-size\">Mario Ra\u00fal Guzm\u00e1n Luj\u00e1n es Polit\u00f3logo y Administrador, Magister en Econom\u00eda y en Sistemas de Planeaci\u00f3n e Inform\u00e1tica, y es formador de la Escuela de Liderazgo ALMA.&nbsp;<\/p>\n\n\n\n<p class=\"has-medium-font-size\">Mario nos responde la pregunta \u201c\u00bfY c\u00f3mo hacemos frente a los cambios de hoy? Desde su perspectiva, Mario nos ayuda a conectar nuestra mirada del mundo con otras miradas, lo que nos permite ser parte del cambio del mundo con las nuevas generaciones.&nbsp;<\/p>\n\n\n\n<p class=\"has-medium-font-size\">La plataforma interamericana presenta \u201cLas preguntas que nos hacemos\u201d, una serie en video con conversaciones de 20 a 30 minutos en las que se abordan las preguntas que surgen cotidianamente en las familias y las comunidades.&nbsp;<\/p>\n\n\n\n<p class=\"has-medium-font-size\">Esta serie de conversaciones es de acceso abierto y gratuito para todos, a trav\u00e9s de la plataforma interamericana, los jueves a las 6:30 p.m. (Colombia). \u00a1Bienvenidos!<\/p>\n","protected":false},"excerpt":{"rendered":"<p>Mario Ra\u00fal Guzm\u00e1n Luj\u00e1n es Polit\u00f3logo y Administrador, Magister en Econom\u00eda y en Sistemas de Planeaci\u00f3n e Inform\u00e1tica, y es formador de la Escuela de Liderazgo ALMA.\u00a0 <a href=\"https:\/\/www.focolaresciudadnueva.com\/inicio\/y-como-hacemos-frente-a-los-cambios-de-hoy-mario-guzman-formador-de-escuela-alma-nos-responde-en-las-preguntas-que-nos-hacemos\/\" class=\"more-link\">Continue reading <span class=\"screen-reader-text\">\u00bfY c\u00f3mo hacemos frente a los cambios de hoy? Mario Guzm\u00e1n, formador de Escuela ALMA nos responde<\/span><\/a><\/p>\n","protected":false},"author":4,"featured_media":16175,"comment_status":"open","ping_status":"open","sticky":false,"template":"","format":"standard","meta":{"footnotes":""},"categories":[60],"tags":[],"class_list":["post-16226","post","type-post","status-publish","format-standard","has-post-thumbnail","hentry","category-dialogos-en-la-cultura"],"wpmagazine_modules_lite_featured_media_urls":{"thumbnail":["https:\/\/www.focolaresciudadnueva.com\/wp-content\/uploads\/2025\/02\/VIDEO-PODCAST-MARIO-GUZMAN-1-1-150x150.png",150,150,true],"cvmm-medium":["https:\/\/www.focolaresciudadnueva.com\/wp-content\/uploads\/2025\/02\/VIDEO-PODCAST-MARIO-GUZMAN-1-1-300x300.png",300,300,true],"cvmm-medium-plus":["https:\/\/www.focolaresciudadnueva.com\/wp-content\/uploads\/2025\/02\/VIDEO-PODCAST-MARIO-GUZMAN-1-1-305x207.png",305,207,true],"cvmm-portrait":["https:\/\/www.focolaresciudadnueva.com\/wp-content\/uploads\/2025\/02\/VIDEO-PODCAST-MARIO-GUZMAN-1-1-400x600.png",400,600,true],"cvmm-medium-square":["https:\/\/www.focolaresciudadnueva.com\/wp-content\/uploads\/2025\/02\/VIDEO-PODCAST-MARIO-GUZMAN-1-1-600x600.png",600,600,true],"cvmm-large":["https:\/\/www.focolaresciudadnueva.com\/wp-content\/uploads\/2025\/02\/VIDEO-PODCAST-MARIO-GUZMAN-1-1-1024x1024.png",1024,1024,true],"cvmm-small":["https:\/\/www.focolaresciudadnueva.com\/wp-content\/uploads\/2025\/02\/VIDEO-PODCAST-MARIO-GUZMAN-1-1-130x95.png",130,95,true],"full":["https:\/\/www.focolaresciudadnueva.com\/wp-content\/uploads\/2025\/02\/VIDEO-PODCAST-MARIO-GUZMAN-1-1.png",3456,1728,false]},"categories_names":{"60":{"name":"Di\u00e1logos en la Cultura","link":"https:\/\/www.focolaresciudadnueva.com\/inicio\/category\/dialogos-en-la-cultura\/"}},"tags_names":[],"comments_number":"0","_links":{"self":[{"href":"https:\/\/www.focolaresciudadnueva.com\/inicio\/wp-json\/wp\/v2\/posts\/16226","targetHints":{"allow":["GET"]}}],"collection":[{"href":"https:\/\/www.focolaresciudadnueva.com\/inicio\/wp-json\/wp\/v2\/posts"}],"about":[{"href":"https:\/\/www.focolaresciudadnueva.com\/inicio\/wp-json\/wp\/v2\/types\/post"}],"author":[{"embeddable":true,"href":"https:\/\/www.focolaresciudadnueva.com\/inicio\/wp-json\/wp\/v2\/users\/4"}],"replies":[{"embeddable":true,"href":"https:\/\/www.focolaresciudadnueva.com\/inicio\/wp-json\/wp\/v2\/comments?post=16226"}],"version-history":[{"count":4,"href":"https:\/\/www.focolaresciudadnueva.com\/inicio\/wp-json\/wp\/v2\/posts\/16226\/revisions"}],"predecessor-version":[{"id":16231,"href":"https:\/\/www.focolaresciudadnueva.com\/inicio\/wp-json\/wp\/v2\/posts\/16226\/revisions\/16231"}],"wp:featuredmedia":[{"embeddable":true,"href":"https:\/\/www.focolaresciudadnueva.com\/inicio\/wp-json\/wp\/v2\/media\/16175"}],"wp:attachment":[{"href":"https:\/\/www.focolaresciudadnueva.com\/inicio\/wp-json\/wp\/v2\/media?parent=16226"}],"wp:term":[{"taxonomy":"category","embeddable":true,"href":"https:\/\/www.focolaresciudadnueva.com\/inicio\/wp-json\/wp\/v2\/categories?post=16226"},{"taxonomy":"post_tag","embeddable":true,"href":"https:\/\/www.focolaresciudadnueva.com\/inicio\/wp-json\/wp\/v2\/tags?post=16226"}],"curies":[{"name":"wp","href":"https:\/\/api.w.org\/{rel}","templated":true}]}}