{"id":15720,"date":"2025-01-20T12:10:11","date_gmt":"2025-01-20T16:10:11","guid":{"rendered":"https:\/\/www.focolaresciudadnueva.com\/inicio\/?p=15720"},"modified":"2025-01-23T11:25:35","modified_gmt":"2025-01-23T15:25:35","slug":"liberaciones-en-cuba-mas-de-500-presos-politicos-recobraron-su-libertad","status":"publish","type":"post","link":"https:\/\/www.focolaresciudadnueva.com\/inicio\/liberaciones-en-cuba-mas-de-500-presos-politicos-recobraron-su-libertad\/","title":{"rendered":"Liberaciones en Cuba: m\u00e1s de 500 presos pol\u00edticos recobraron su libertad"},"content":{"rendered":"\n<p><a href=\"https:\/\/es.zenit.org\/2025\/01\/17\/cuba-responde-al-papa-con-liberacion-de-medio-millar-de-presos-en-contexto-del-jubileo-2025\/\">ZENIT<\/a><\/p>\n\n\n\n<p class=\"has-medium-font-size\">El anuncio se produjo el mismo d\u00eda en que el gobierno de Estados Unidos revel\u00f3 un cambio de pol\u00edtica que inclu\u00eda la eliminaci\u00f3n de Cuba de su lista de estados patrocinadores del terrorismo y la flexibilizaci\u00f3n de ciertas restricciones a la naci\u00f3n insular. Si bien el gobierno cubano no vincul\u00f3 expl\u00edcitamente la liberaci\u00f3n de prisioneros con estas medidas estadounidenses, ambas acciones reflejan un enfoque renovado en el fomento del di\u00e1logo y la mejora de las condiciones de vida del pueblo cubano.<\/p>\n\n\n\n<p class=\"has-medium-font-size\">El gobierno cubano anunci\u00f3 la liberaci\u00f3n gradual de 553 prisioneros en respuesta a un llamado directo del Papa Francisco. Esta decisi\u00f3n, vinculada al A\u00f1o Jubilar de la Iglesia Cat\u00f3lica de 2025, se\u00f1ala un paso significativo en la alineaci\u00f3n de los gestos humanitarios con los llamados globales de justicia y compasi\u00f3n.&nbsp;<\/p>\n\n\n\n<h2 class=\"wp-block-heading has-medium-font-size\"><strong>Un gesto jubilar&nbsp;<\/strong><\/h2>\n\n\n\n<p class=\"has-medium-font-size\">El Ministerio de Asuntos Exteriores de Cuba declar\u00f3 el 14 de enero que la liberaci\u00f3n se producir\u00eda \u00aben el esp\u00edritu del Jubileo Ordinario de 2025 declarado por Su Santidad\u00bb. El gobierno enmarc\u00f3 la decisi\u00f3n como el resultado de un \u00aban\u00e1lisis jur\u00eddico y humanitario exhaustivo\u00bb, aunque retuvo detalles sobre las identidades de los prisioneros que ser\u00e1n liberados. Esta acci\u00f3n coincide con la invitaci\u00f3n formal del Papa Francisco a los gobiernos de todo el mundo para que promulguen medidas de amnist\u00eda o indulto como parte del \u00e9nfasis del A\u00f1o Jubilar en la renovaci\u00f3n y la misericordia. En su proclamaci\u00f3n oficial para el Jubileo, el Papa tambi\u00e9n destac\u00f3 la necesidad de programas de reintegraci\u00f3n para los presos, un sentimiento reflejado en la iniciativa de Cuba.<\/p>\n\n\n\n<h2 class=\"wp-block-heading has-medium-font-size\"><strong>Un panorama m\u00e1s amplio de cambio&nbsp;<\/strong><\/h2>\n\n\n\n<p class=\"has-medium-font-size\">El anuncio se produjo el mismo d\u00eda en que el gobierno de Estados Unidos revel\u00f3 un cambio de pol\u00edtica que inclu\u00eda la eliminaci\u00f3n de Cuba de su lista de estados patrocinadores del terrorismo y la flexibilizaci\u00f3n de ciertas restricciones a la naci\u00f3n insular. Si bien el gobierno cubano no vincul\u00f3 expl\u00edcitamente la liberaci\u00f3n de prisioneros con estas medidas estadounidenses, ambas acciones reflejan un enfoque renovado en el fomento del di\u00e1logo y la mejora de las condiciones de vida del pueblo cubano. La Casa Blanca reconoci\u00f3 el papel fundamental de la Iglesia Cat\u00f3lica en la intermediaci\u00f3n de estos acontecimientos, y declar\u00f3: \u201cReconocemos los esfuerzos de la Iglesia bajo el liderazgo del Papa Francisco para alentar a Cuba a adoptar medidas constructivas en favor de la libertad y la dignidad\u201d.<\/p>\n\n\n\n<h2 class=\"wp-block-heading has-medium-font-size\"><strong>Apoyo del Vaticano a la esperanza y la renovaci\u00f3n&nbsp;<\/strong><\/h2>\n\n\n\n<p class=\"has-medium-font-size\">El cardenal Pietro Parolin, secretario de Estado del Vaticano, elogi\u00f3 la decisi\u00f3n de Cuba como un \u201cacto significativo de esperanza\u201d en el amanecer del A\u00f1o Jubilar. Tambi\u00e9n destac\u00f3 otros acontecimientos positivos recientes, incluida la conmutaci\u00f3n de las sentencias de muerte federales por parte de Estados Unidos y la abolici\u00f3n de la pena de muerte en Zimbabue. \u201cEsperamos que 2025 traiga m\u00e1s noticias alentadoras, en particular con ceses del fuego para los conflictos en curso\u201d, agreg\u00f3 el cardenal Parolin, enmarcando estos gestos como un movimiento colectivo hacia la reconciliaci\u00f3n global.<\/p>\n\n\n\n<h2 class=\"wp-block-heading has-medium-font-size\"><strong>Una historia de defensa papal&nbsp;<\/strong><\/h2>\n\n\n\n<p class=\"has-medium-font-size\">La liberaci\u00f3n de prisioneros en Cuba se basa en a\u00f1os de diplomacia tras bambalinas facilitada por el Vaticano. El cardenal Se\u00e1n O\u2019Malley, arzobispo em\u00e9rito de Boston, comparti\u00f3 que hab\u00eda llevado mensajes personales del Papa Francisco a los l\u00edderes de Estados Unidos y Cuba abogando por la liberaci\u00f3n de prisioneros y la mejora de las relaciones bilaterales. \u201cEn el esp\u00edritu del Jubileo, doy la bienvenida a estas medidas, que durante a\u00f1os parecieron inalcanzables\u201d, escribi\u00f3 O\u2019Malley el 14 de enero. La participaci\u00f3n directa del Papa ha sido un tema recurrente en la evoluci\u00f3n de la relaci\u00f3n de Cuba con el Vaticano. Desde conversaciones de alto nivel con el presidente cubano Miguel D\u00edaz-Canel hasta actos simb\u00f3licos como la apertura de la Puerta Santa en la prisi\u00f3n de Rebibbia en Roma, Francisco ha defendido constantemente la dignidad de los encarcelados. <\/p>\n\n\n\n<h2 class=\"wp-block-heading has-medium-font-size\">Un Jubileo de los Prisioneros <\/h2>\n\n\n\n<p class=\"has-medium-font-size\">De cara al futuro, el A\u00f1o Jubilar culminar\u00e1 con el evento del \u201cJubileo de los Prisioneros\u201d en diciembre de 2025. Esta reuni\u00f3n extraordinaria llevar\u00e1 a reclusos de todo el mundo a la Bas\u00edlica de San Pedro para una Misa con el Papa.<\/p>\n","protected":false},"excerpt":{"rendered":"<p>El anuncio se produjo el mismo d\u00eda en que el gobierno de Estados Unidos revel\u00f3 un cambio de pol\u00edtica que inclu\u00eda la eliminaci\u00f3n de Cuba de su lista de estados patrocinadores del terrorismo y la flexibilizaci\u00f3n de ciertas restricciones a la naci\u00f3n insular. <a href=\"https:\/\/www.focolaresciudadnueva.com\/inicio\/liberaciones-en-cuba-mas-de-500-presos-politicos-recobraron-su-libertad\/\" class=\"more-link\">Continue reading <span class=\"screen-reader-text\">Liberaciones en Cuba: m\u00e1s de 500 presos pol\u00edticos recobraron su libertad<\/span><\/a><\/p>\n","protected":false},"author":4,"featured_media":15721,"comment_status":"open","ping_status":"open","sticky":false,"template":"","format":"standard","meta":{"footnotes":""},"categories":[86,70],"tags":[],"class_list":["post-15720","post","type-post","status-publish","format-standard","has-post-thumbnail","hentry","category-cuba","category-internacional"],"wpmagazine_modules_lite_featured_media_urls":{"thumbnail":["https:\/\/www.focolaresciudadnueva.com\/wp-content\/uploads\/2025\/01\/image-36-150x150.png",150,150,true],"cvmm-medium":["https:\/\/www.focolaresciudadnueva.com\/wp-content\/uploads\/2025\/01\/image-36-300x300.png",300,300,true],"cvmm-medium-plus":["https:\/\/www.focolaresciudadnueva.com\/wp-content\/uploads\/2025\/01\/image-36-305x207.png",305,207,true],"cvmm-portrait":["https:\/\/www.focolaresciudadnueva.com\/wp-content\/uploads\/2025\/01\/image-36-400x600.png",400,600,true],"cvmm-medium-square":["https:\/\/www.focolaresciudadnueva.com\/wp-content\/uploads\/2025\/01\/image-36-600x600.png",600,600,true],"cvmm-large":["https:\/\/www.focolaresciudadnueva.com\/wp-content\/uploads\/2025\/01\/image-36-1024x917.png",1024,917,true],"cvmm-small":["https:\/\/www.focolaresciudadnueva.com\/wp-content\/uploads\/2025\/01\/image-36-130x95.png",130,95,true],"full":["https:\/\/www.focolaresciudadnueva.com\/wp-content\/uploads\/2025\/01\/image-36.png",1657,917,false]},"categories_names":{"86":{"name":"Cuba","link":"https:\/\/www.focolaresciudadnueva.com\/inicio\/category\/cuba\/"},"70":{"name":"Internacional","link":"https:\/\/www.focolaresciudadnueva.com\/inicio\/category\/internacional\/"}},"tags_names":[],"comments_number":"0","_links":{"self":[{"href":"https:\/\/www.focolaresciudadnueva.com\/inicio\/wp-json\/wp\/v2\/posts\/15720","targetHints":{"allow":["GET"]}}],"collection":[{"href":"https:\/\/www.focolaresciudadnueva.com\/inicio\/wp-json\/wp\/v2\/posts"}],"about":[{"href":"https:\/\/www.focolaresciudadnueva.com\/inicio\/wp-json\/wp\/v2\/types\/post"}],"author":[{"embeddable":true,"href":"https:\/\/www.focolaresciudadnueva.com\/inicio\/wp-json\/wp\/v2\/users\/4"}],"replies":[{"embeddable":true,"href":"https:\/\/www.focolaresciudadnueva.com\/inicio\/wp-json\/wp\/v2\/comments?post=15720"}],"version-history":[{"count":1,"href":"https:\/\/www.focolaresciudadnueva.com\/inicio\/wp-json\/wp\/v2\/posts\/15720\/revisions"}],"predecessor-version":[{"id":15722,"href":"https:\/\/www.focolaresciudadnueva.com\/inicio\/wp-json\/wp\/v2\/posts\/15720\/revisions\/15722"}],"wp:featuredmedia":[{"embeddable":true,"href":"https:\/\/www.focolaresciudadnueva.com\/inicio\/wp-json\/wp\/v2\/media\/15721"}],"wp:attachment":[{"href":"https:\/\/www.focolaresciudadnueva.com\/inicio\/wp-json\/wp\/v2\/media?parent=15720"}],"wp:term":[{"taxonomy":"category","embeddable":true,"href":"https:\/\/www.focolaresciudadnueva.com\/inicio\/wp-json\/wp\/v2\/categories?post=15720"},{"taxonomy":"post_tag","embeddable":true,"href":"https:\/\/www.focolaresciudadnueva.com\/inicio\/wp-json\/wp\/v2\/tags?post=15720"}],"curies":[{"name":"wp","href":"https:\/\/api.w.org\/{rel}","templated":true}]}}