{"id":15609,"date":"2025-01-10T13:42:59","date_gmt":"2025-01-10T17:42:59","guid":{"rendered":"https:\/\/www.focolaresciudadnueva.com\/inicio\/?p=15609"},"modified":"2025-01-10T13:43:00","modified_gmt":"2025-01-10T17:43:00","slug":"iglesia-venezolana-reitera-su-defensa-de-la-democracia-y-el-bien-comun","status":"publish","type":"post","link":"https:\/\/www.focolaresciudadnueva.com\/inicio\/iglesia-venezolana-reitera-su-defensa-de-la-democracia-y-el-bien-comun\/","title":{"rendered":"Iglesia venezolana reitera su defensa de la democracia y el bien com\u00fan"},"content":{"rendered":"\n<p><a href=\"https:\/\/adn.celam.org\/iglesia-venezolana-reitera-su-defensa-de-la-democracia-y-el-bien-comun\/\">\u00a0ADN CELAM<\/a><\/p>\n\n\n\n<p class=\"has-medium-font-size\">En un contexto nacional marcado por incertidumbres y desaf\u00edos, la&nbsp;<strong>Conferencia Episcopal Venezolana (CEV)<\/strong>&nbsp;<strong>ha emitido un comunicado en el que reitera su compromiso de acompa\u00f1ar al pueblo venezolano en su caminar hacia un futuro m\u00e1s justo, solidario y esperanzador.<\/strong>&nbsp;El mensaje, emitido el 9 de enero de 2025 desde Caracas, se inscribe en el marco del&nbsp;<a href=\"https:\/\/adn.celam.org\/inundemos-a-venezuela-de-esperanza-apertura-del-ano-santo-2025-en-caracas\/\"><strong>A\u00f1o Santo<\/strong>&nbsp;<\/a>y en medio del complejo panorama nacional.<\/p>\n\n\n\n<p class=\"has-medium-font-size\">Los obispos de Venezuela, inspirados por los valores evang\u00e9licos y la doctrina social de la Iglesia, en su misi\u00f3n de iluminar y acompa\u00f1ar al pueblo en medio de una realidad compleja en lo social, econ\u00f3mico, pol\u00edtico, cultural y \u00e9tica del pa\u00eds,&nbsp;<strong>manifiestan su deseo de iluminar y acompa\u00f1ar al pueblo al que han sido llamados a servir.<\/strong><\/p>\n\n\n\n<p class=\"has-medium-font-size\">\u201cLo hacemos tambi\u00e9n&nbsp;<strong>al inicio de un a\u00f1o caracterizado por muchas interrogantes e inquietudes sobre el futuro de nuestra naci\u00f3n\u201d,&nbsp;<\/strong>afirman, y ponen de relieve el A\u00f1o Santo para los cat\u00f3licos: \u201c<strong>Fundados en Jesucristo, liberador de la humanidad, y en comuni\u00f3n con toda la Iglesia, estamos llamados a reavivar la esperanza en quienes viven la pobreza y la enfermedad, en los encarcelados, migrantes y j\u00f3venes\u201d,<\/strong>&nbsp;expresan los pastores,&nbsp;<a href=\"https:\/\/adn.celam.org\/iglesia-en-venezuela-activa-en-el-jubileo-de-la-esperanza\/\">al iniciar el Jubileo 2025<\/a>.<\/p>\n\n\n\n<h3 class=\"wp-block-heading\"><strong>Defensa de la democracia y el estado de derecho<\/strong><\/h3>\n\n\n\n<p class=\"has-medium-font-size\">Tras las elecciones presidenciales del 28 de julio de 2024, la situaci\u00f3n pol\u00edtica se ha tornado cr\u00edtica, con un ambiente de tensi\u00f3n que precede la toma de posesi\u00f3n del nuevo mandatario. En este contexto, los obispo venezolanos hacen este pronunciamiento en defensa de la democracia: \u201c<strong>El pueblo de Venezuela en el ejercicio de la soberan\u00eda que le garantiza la Constituci\u00f3n (art. 5) manifest\u00f3, con su participaci\u00f3n y voto en las elecciones presidenciales del pasado 28 de julio, su clara y decidida opci\u00f3n por la democracia. Esta decisi\u00f3n debe ser respetada\u201d<\/strong>.<\/p>\n\n\n\n<p class=\"has-medium-font-size\"><strong>Con renovado compromiso pastoral, al iniciar el A\u00f1o Jubilar,&nbsp;<\/strong>los prelados reiteran su compromiso de acompa\u00f1ar al pueblo venezolano<strong>&nbsp;\u201cen sus alegr\u00edas y sufrimientos, y contribuir, a trav\u00e9s de la cotidiana acci\u00f3n evangelizadora, a que reinen en nuestro pa\u00eds el respeto de la dignidad de la persona, la verdad, la justicia, el estado de derecho, la libertad y la paz\u201d.<\/strong><\/p>\n\n\n\n<p class=\"has-medium-font-size\">Este documento incluye una exhortaci\u00f3n a superar la indiferencia y a trabajar por el bien com\u00fan: \u201c<strong>Hacemos un<\/strong>&nbsp;<strong>llamado a colocar el bien com\u00fan delante de los intereses particulares o partidistas<\/strong>, a&nbsp;<strong>superar la tentaci\u00f3n de permanecer indiferentes ante el acontecer nacional y la utilizaci\u00f3n de la persecuci\u00f3n por razones pol\u00edticas\u201d.<\/strong><\/p>\n\n\n\n<h3 class=\"wp-block-heading\"><strong>Oraci\u00f3n por Venezuela<\/strong><\/h3>\n\n\n\n<p class=\"has-medium-font-size\">Adem\u00e1s, los pastores piden aportar cada uno desde sus posibilidades y responsabilidades, las respuestas a la dif\u00edcil coyuntura que hoy vive Venezuela.<\/p>\n\n\n\n<p class=\"has-medium-font-size\">El mensaje tambi\u00e9n resalta que \u201c<strong>la oraci\u00f3n es escuela de esperanza<\/strong>\u201d. Retomando las palabras de Benedicto XVI en su enc\u00edclica&nbsp;<em>Spe Salvi<\/em>, (32),&nbsp;<strong>los obispos invitan a intensificar las plegarias por Venezuela<\/strong>.<\/p>\n\n\n\n<p class=\"has-medium-font-size\">Con un saludo fraterno, los obispos finalizan su mensaje con el compromiso de ser pastores cercanos al pueblo, especialmente a los m\u00e1s vulnerables, y confiados en que un futuro de paz, justicia y dignidad humana es posible.<\/p>\n","protected":false},"excerpt":{"rendered":"<p>En un contexto nacional marcado por incertidumbres y desaf\u00edos, la\u00a0Conferencia Episcopal Venezolana (CEV)\u00a0ha emitido un comunicado en el que reitera su compromiso de acompa\u00f1ar al pueblo venezolano en su caminar hacia un futuro m\u00e1s justo, solidario y esperanzador. <a href=\"https:\/\/www.focolaresciudadnueva.com\/inicio\/iglesia-venezolana-reitera-su-defensa-de-la-democracia-y-el-bien-comun\/\" class=\"more-link\">Continue reading <span class=\"screen-reader-text\">Iglesia venezolana reitera su defensa de la democracia y el bien com\u00fan<\/span><\/a><\/p>\n","protected":false},"author":4,"featured_media":15610,"comment_status":"open","ping_status":"open","sticky":false,"template":"","format":"standard","meta":{"footnotes":""},"categories":[63,87],"tags":[],"class_list":["post-15609","post","type-post","status-publish","format-standard","has-post-thumbnail","hentry","category-iglesia","category-venezuela"],"wpmagazine_modules_lite_featured_media_urls":{"thumbnail":["https:\/\/www.focolaresciudadnueva.com\/wp-content\/uploads\/2025\/01\/Venezuela_Iglesia-y-posesion-Maduro_ADNCELAM-150x150.jpg",150,150,true],"cvmm-medium":["https:\/\/www.focolaresciudadnueva.com\/wp-content\/uploads\/2025\/01\/Venezuela_Iglesia-y-posesion-Maduro_ADNCELAM-300x300.jpg",300,300,true],"cvmm-medium-plus":["https:\/\/www.focolaresciudadnueva.com\/wp-content\/uploads\/2025\/01\/Venezuela_Iglesia-y-posesion-Maduro_ADNCELAM-305x207.jpg",305,207,true],"cvmm-portrait":["https:\/\/www.focolaresciudadnueva.com\/wp-content\/uploads\/2025\/01\/Venezuela_Iglesia-y-posesion-Maduro_ADNCELAM-400x559.jpg",400,559,true],"cvmm-medium-square":["https:\/\/www.focolaresciudadnueva.com\/wp-content\/uploads\/2025\/01\/Venezuela_Iglesia-y-posesion-Maduro_ADNCELAM-600x559.jpg",600,559,true],"cvmm-large":["https:\/\/www.focolaresciudadnueva.com\/wp-content\/uploads\/2025\/01\/Venezuela_Iglesia-y-posesion-Maduro_ADNCELAM.jpg",958,559,false],"cvmm-small":["https:\/\/www.focolaresciudadnueva.com\/wp-content\/uploads\/2025\/01\/Venezuela_Iglesia-y-posesion-Maduro_ADNCELAM-130x95.jpg",130,95,true],"full":["https:\/\/www.focolaresciudadnueva.com\/wp-content\/uploads\/2025\/01\/Venezuela_Iglesia-y-posesion-Maduro_ADNCELAM.jpg",958,559,false]},"categories_names":{"63":{"name":"Iglesia","link":"https:\/\/www.focolaresciudadnueva.com\/inicio\/category\/iglesia\/"},"87":{"name":"Venezuela","link":"https:\/\/www.focolaresciudadnueva.com\/inicio\/category\/venezuela\/"}},"tags_names":[],"comments_number":"0","_links":{"self":[{"href":"https:\/\/www.focolaresciudadnueva.com\/inicio\/wp-json\/wp\/v2\/posts\/15609","targetHints":{"allow":["GET"]}}],"collection":[{"href":"https:\/\/www.focolaresciudadnueva.com\/inicio\/wp-json\/wp\/v2\/posts"}],"about":[{"href":"https:\/\/www.focolaresciudadnueva.com\/inicio\/wp-json\/wp\/v2\/types\/post"}],"author":[{"embeddable":true,"href":"https:\/\/www.focolaresciudadnueva.com\/inicio\/wp-json\/wp\/v2\/users\/4"}],"replies":[{"embeddable":true,"href":"https:\/\/www.focolaresciudadnueva.com\/inicio\/wp-json\/wp\/v2\/comments?post=15609"}],"version-history":[{"count":1,"href":"https:\/\/www.focolaresciudadnueva.com\/inicio\/wp-json\/wp\/v2\/posts\/15609\/revisions"}],"predecessor-version":[{"id":15611,"href":"https:\/\/www.focolaresciudadnueva.com\/inicio\/wp-json\/wp\/v2\/posts\/15609\/revisions\/15611"}],"wp:featuredmedia":[{"embeddable":true,"href":"https:\/\/www.focolaresciudadnueva.com\/inicio\/wp-json\/wp\/v2\/media\/15610"}],"wp:attachment":[{"href":"https:\/\/www.focolaresciudadnueva.com\/inicio\/wp-json\/wp\/v2\/media?parent=15609"}],"wp:term":[{"taxonomy":"category","embeddable":true,"href":"https:\/\/www.focolaresciudadnueva.com\/inicio\/wp-json\/wp\/v2\/categories?post=15609"},{"taxonomy":"post_tag","embeddable":true,"href":"https:\/\/www.focolaresciudadnueva.com\/inicio\/wp-json\/wp\/v2\/tags?post=15609"}],"curies":[{"name":"wp","href":"https:\/\/api.w.org\/{rel}","templated":true}]}}