{"id":15605,"date":"2025-01-10T13:35:20","date_gmt":"2025-01-10T17:35:20","guid":{"rendered":"https:\/\/www.focolaresciudadnueva.com\/inicio\/?p=15605"},"modified":"2025-03-04T15:15:54","modified_gmt":"2025-03-04T19:15:54","slug":"maduro-se-proclama-presidente-sin-haber-mostrado-las-actas-digan-lo-que-quieran-decir-no-pudieron-impedir-esta-investidura","status":"publish","type":"post","link":"https:\/\/www.focolaresciudadnueva.com\/inicio\/maduro-se-proclama-presidente-sin-haber-mostrado-las-actas-digan-lo-que-quieran-decir-no-pudieron-impedir-esta-investidura\/","title":{"rendered":"Maduro se proclama presidente sin haber mostrado las actas: \u201cDigan lo que quieran decir, no pudieron impedir esta investidura\u201d"},"content":{"rendered":"\n<p><a href=\"https:\/\/elpais.com\/america\/2025-01-10\/la-toma-de-posesion-del-presidente-de-venezuela-en-directo.html\">EL PA\u00cdS<\/a><\/p>\n\n\n\n<h5 class=\"wp-block-heading\">El mandatario chavista ha tomado posesi\u00f3n del cargo por otros seis a\u00f1os envuelto en acusaciones de fraude | Edmundo Gonz\u00e1lez, que hab\u00eda prometido estar hoy en Caracas, contin\u00faa en Rep\u00fablica Dominicana | EE UU eleva a 25 millones de d\u00f3lares la recompensa por informaci\u00f3n para detener a Maduro y la UE redobla sus sanciones<\/h5>\n\n\n\n<p class=\"has-medium-font-size\">Nicol\u00e1s Maduro se ha proclamado este viernes presidente de Venezuela. Ha jurado el cargo ante el presidente de la Asamblea Nacional, Jorge Rodr\u00edguez, que le ha impuesto la banda presidencial. El chavista lo hace sin haber mostrado las actas que demuestren su victoria, pese a que casi toda la comunidad internacional se lo ha exigido. \u201cTrataron de convertir la juramentaci\u00f3n (&#8230;) en una guerra mundial, que si invaden, que si entran, que si salen\u2026 Digan lo que quieran decir, hagan lo que quieran hacer, pero esta toma de posesi\u00f3n constitucional venezolana no la pudieron impedir y es una gran victoria venezolana\u201d, ha dicho en su discurso, que ha durado algo menos de dos horas. <a href=\"https:\/\/elpais.com\/america\/2025-01-09\/nos-veremos-muy-pronto-en-caracas-edmundo-gonzalez-insiste-en-su-promesa-de-regresar.html\">Edmundo Gonz\u00e1lez Urrutia,<\/a> el candidato opositor que, de acuerdo a la verificaci\u00f3n de las actas por organismos internacionales, result\u00f3 ganador de las elecciones presidenciales de julio, particip\u00f3 el jueves en Rep\u00fablica Dominicana en varios de actos para denunciar el <a href=\"https:\/\/elpais.com\/opinion\/2025-01-09\/maduro-sabe-que-no-gano-las-elecciones.html\">fraude de Maduro<\/a>. El opositor ha reiterado que estar\u00eda este 10 de enero en Venezuela, que ha cerrado sus fronteras, por lo que hay expectaci\u00f3n sobre su posible llegada al pa\u00eds. Tras la proclamaci\u00f3n, Estados Unidos ha elevado a 25 millones de d\u00f3lares, el m\u00e1ximo disponible, la recompensa por informaci\u00f3n para detener a Maduro. La Uni\u00f3n Europea, por su parte, le ha condenado <a href=\"https:\/\/elpais.com\/internacional\/2025-01-10\/la-ue-condena-a-maduro-por-carecer-de-legitimidad-democratica-y-redobla-sus-sanciones.html\">por \u201ccarecer de legitimidad democr\u00e1tica\u201d y ha redoblado sus sanciones.<\/a><\/p>\n\n\n\n<p class=\"has-medium-font-size\">Este viernes, el gobierno de Canad\u00e1 impuso sanciones a 14 altos funcionarios y ex altos funcionarios de Venezuela, alegando que han participado en actividades que han apoyado violaciones de los derechos humanos en el pa\u00eds.<\/p>\n\n\n\n<p class=\"has-medium-font-size\">Las sanciones coinciden con las medidas adoptadas por los aliados de Canad\u00e1, entre ellos Estados Unidos y Reino Unido, y \u00abdemuestran un mensaje de solidaridad con el pueblo venezolano\u00bb, dijo el Ministerio de Asuntos Exteriores canadiense en un comunicado.<\/p>\n\n\n\n<p class=\"has-medium-font-size\">Ayer en una publicaci\u00f3n en X la oficina de Pol\u00edtica Exterior de Canad\u00e1 reconoc\u00eda la victoria de Edmundo Gonz\u00e1lez Urrutia en las elecciones presidenciales del 28 de julio.&nbsp;<\/p>\n\n\n\n<p class=\"has-medium-font-size\">\u00abCanad\u00e1 reconoce que Edmundo Gonz\u00e1lez gan\u00f3 las elecciones del 28 de julio y es el presidente electo de Venezuela\u00bb, dicta la publicaci\u00f3n.&nbsp;<\/p>\n\n\n\n<p class=\"has-medium-font-size\">La ministra de Asuntos Exteriores de Canad\u00e1, M\u00e9lanie Joly, sostuvo una conversaci\u00f3n el 8 de enero con Mar\u00eda Corina Machado \u00abpara discutir la situaci\u00f3n en Venezuela y reiterar el apoyo de Canad\u00e1 a todos aquellos que luchan para que se respete la voluntad del pueblo venezolano\u00bb.<\/p>\n","protected":false},"excerpt":{"rendered":"<p>El mandatario chavista ha tomado posesi\u00f3n del cargo por otros seis a\u00f1os envuelto en acusaciones de fraude <a href=\"https:\/\/www.focolaresciudadnueva.com\/inicio\/maduro-se-proclama-presidente-sin-haber-mostrado-las-actas-digan-lo-que-quieran-decir-no-pudieron-impedir-esta-investidura\/\" class=\"more-link\">Continue reading <span class=\"screen-reader-text\">Maduro se proclama presidente sin haber mostrado las actas: \u201cDigan lo que quieran decir, no pudieron impedir esta investidura\u201d<\/span><\/a><\/p>\n","protected":false},"author":4,"featured_media":15606,"comment_status":"open","ping_status":"open","sticky":false,"template":"","format":"standard","meta":{"footnotes":""},"categories":[74,87],"tags":[],"class_list":["post-15605","post","type-post","status-publish","format-standard","has-post-thumbnail","hentry","category-mundo","category-venezuela"],"wpmagazine_modules_lite_featured_media_urls":{"thumbnail":["https:\/\/www.focolaresciudadnueva.com\/wp-content\/uploads\/2025\/01\/Venezuela_Maduro-posesion_El-Pais-150x150.avif",150,150,true],"cvmm-medium":["https:\/\/www.focolaresciudadnueva.com\/wp-content\/uploads\/2025\/01\/Venezuela_Maduro-posesion_El-Pais-300x300.avif",300,300,true],"cvmm-medium-plus":["https:\/\/www.focolaresciudadnueva.com\/wp-content\/uploads\/2025\/01\/Venezuela_Maduro-posesion_El-Pais-305x207.avif",305,207,true],"cvmm-portrait":["https:\/\/www.focolaresciudadnueva.com\/wp-content\/uploads\/2025\/01\/Venezuela_Maduro-posesion_El-Pais-400x600.avif",400,600,true],"cvmm-medium-square":["https:\/\/www.focolaresciudadnueva.com\/wp-content\/uploads\/2025\/01\/Venezuela_Maduro-posesion_El-Pais-600x600.avif",600,600,true],"cvmm-large":["https:\/\/www.focolaresciudadnueva.com\/wp-content\/uploads\/2025\/01\/Venezuela_Maduro-posesion_El-Pais-1024x800.avif",1024,800,true],"cvmm-small":["https:\/\/www.focolaresciudadnueva.com\/wp-content\/uploads\/2025\/01\/Venezuela_Maduro-posesion_El-Pais-130x95.avif",130,95,true],"full":["https:\/\/www.focolaresciudadnueva.com\/wp-content\/uploads\/2025\/01\/Venezuela_Maduro-posesion_El-Pais.avif",1200,800,false]},"categories_names":{"74":{"name":"Mundo","link":"https:\/\/www.focolaresciudadnueva.com\/inicio\/category\/mundo\/"},"87":{"name":"Venezuela","link":"https:\/\/www.focolaresciudadnueva.com\/inicio\/category\/venezuela\/"}},"tags_names":[],"comments_number":"0","_links":{"self":[{"href":"https:\/\/www.focolaresciudadnueva.com\/inicio\/wp-json\/wp\/v2\/posts\/15605","targetHints":{"allow":["GET"]}}],"collection":[{"href":"https:\/\/www.focolaresciudadnueva.com\/inicio\/wp-json\/wp\/v2\/posts"}],"about":[{"href":"https:\/\/www.focolaresciudadnueva.com\/inicio\/wp-json\/wp\/v2\/types\/post"}],"author":[{"embeddable":true,"href":"https:\/\/www.focolaresciudadnueva.com\/inicio\/wp-json\/wp\/v2\/users\/4"}],"replies":[{"embeddable":true,"href":"https:\/\/www.focolaresciudadnueva.com\/inicio\/wp-json\/wp\/v2\/comments?post=15605"}],"version-history":[{"count":3,"href":"https:\/\/www.focolaresciudadnueva.com\/inicio\/wp-json\/wp\/v2\/posts\/15605\/revisions"}],"predecessor-version":[{"id":15612,"href":"https:\/\/www.focolaresciudadnueva.com\/inicio\/wp-json\/wp\/v2\/posts\/15605\/revisions\/15612"}],"wp:featuredmedia":[{"embeddable":true,"href":"https:\/\/www.focolaresciudadnueva.com\/inicio\/wp-json\/wp\/v2\/media\/15606"}],"wp:attachment":[{"href":"https:\/\/www.focolaresciudadnueva.com\/inicio\/wp-json\/wp\/v2\/media?parent=15605"}],"wp:term":[{"taxonomy":"category","embeddable":true,"href":"https:\/\/www.focolaresciudadnueva.com\/inicio\/wp-json\/wp\/v2\/categories?post=15605"},{"taxonomy":"post_tag","embeddable":true,"href":"https:\/\/www.focolaresciudadnueva.com\/inicio\/wp-json\/wp\/v2\/tags?post=15605"}],"curies":[{"name":"wp","href":"https:\/\/api.w.org\/{rel}","templated":true}]}}