{"id":15480,"date":"2025-01-05T06:00:00","date_gmt":"2025-01-05T10:00:00","guid":{"rendered":"https:\/\/www.focolaresciudadnueva.com\/inicio\/?p=15480"},"modified":"2025-01-05T03:52:25","modified_gmt":"2025-01-05T07:52:25","slug":"domingo-5-de-enero-jornada-de-oracion-por-la-paz-y-la-justicia-en-ecuador","status":"publish","type":"post","link":"https:\/\/www.focolaresciudadnueva.com\/inicio\/domingo-5-de-enero-jornada-de-oracion-por-la-paz-y-la-justicia-en-ecuador\/","title":{"rendered":"Domingo 5 de enero: Jornada de oraci\u00f3n por la paz y la justicia en Ecuador"},"content":{"rendered":"\n<p><a href=\"https:\/\/adn.celam.org\/domingo-5-de-enero-jornada-de-oracion-por-la-paz-y-la-justicia-en-ecuador\/\">ADN CELAM<\/a><\/p>\n\n\n\n<figure class=\"wp-block-image\"><img decoding=\"async\" src=\"https:\/\/lh7-rt.googleusercontent.com\/docsz\/AD_4nXf7c0j_jwGUtwQsZsyh3vmGC1g7MQ-WIpCu4tdBbx7ZMtMCF1LEC6rjkw6lqp43dYwh8geE0GLVsWFmR1pcOg5AIumDNqVwMGuIed0UozgFUvGwddnGcQz2fQHQfGRGX8tfilg00A?key=GEPOmNXOrqRLCIdqt6BLdpsu\" alt=\"\"\/><\/figure>\n\n\n\n<p class=\"has-medium-font-size\"><a href=\"https:\/\/adn.celam.org\/los-obispos-de-ecuador-claman-por-josue-ismael-saul-y-steven-es-deber-del-estado-defender-la-vida\/\">El Consejo de Presidencia de la Conferencia Episcopal Ecuatoriana (CEE)<\/a> ha enviado un comunicado dirigido a todos los obispos de Ecuador pidiendo se unan en oraci\u00f3n por los recientes actos de violencia que han conmocionado al Ecuador, <strong>tras el hallazgo de los restos calcinados de Josu\u00e9, Ismael, Sa\u00fal y Steven, que ha conmovido a todo el pa\u00eds.<\/strong><\/p>\n\n\n\n<p class=\"has-medium-font-size\">Monse\u00f1or Alfredo Jos\u00e9 Espinoza Mateus SDB, arzobispo de Quito y Primado del Ecuador, comparti\u00f3 este mensaje por el dolor en todo el territorio ecuatoriano y m\u00e1s all\u00e1 de sus fronteras.<\/p>\n\n\n\n<p class=\"has-medium-font-size\">La CEE expres\u00f3 en su mensaje: \u201c<strong>La desaparici\u00f3n de Josu\u00e9, Ismael, Sa\u00fal y Steven nos ha conmovido a todos. El anuncio del hallazgo de sus restos calcinados llena de indignaci\u00f3n el coraz\u00f3n de todo hombre y mujer de buena voluntad en el Ecuador y fuera de \u00e9l. Los gritos y l\u00e1grimas de sus padres, familiares y amigos son los nuestros<\/strong>\u201d.<\/p>\n\n\n\n<h3 class=\"wp-block-heading\"><strong>Domingo 5 de enero: Jornada de oraci\u00f3n<\/strong><\/h3>\n\n\n\n<p class=\"has-medium-font-size\"><strong>Se invita a todas las parroquias, templos y capillas del pa\u00eds a incluir esta intenci\u00f3n en sus celebraciones eucar\u00edsticas del domingo 5 de enero.<\/strong> Este gesto tiene el fin de acompa\u00f1ar espiritualmente a las familias afectadas, y de sensibilizar a la sociedad sobre la importancia de la paz, la justicia y el compromiso para erradicar la violencia: \u201c<strong>Elevemos una oraci\u00f3n para que el compromiso de erradicar la violencia que hiere y lastima nuestro presente y futuro sea el aporte concreto que podemos dar como cat\u00f3licos a este clima enrarecido por la mentira, la impunidad y el olvido<\/strong>\u201d, instan los obispos ecuatorianos.<\/p>\n\n\n\n<p class=\"has-medium-font-size\">Asimismo, el arzobispo Espinoza se\u00f1al\u00f3 que esta jornada de oraci\u00f3n es una expresi\u00f3n de fe y esperanza frente a la violencia que ha marcado a las familias afectadas. Citando al Papa Francisco, record\u00f3 que \u201c<strong>la oraci\u00f3n es el respiro de la fe, es su expresi\u00f3n m\u00e1s propia<\/strong>\u201d.<\/p>\n\n\n\n<p class=\"has-medium-font-size\">De esta manera, se pide a todo el pueblo de Dios que peregrina en Ecuador que acoja este llamado de la Conferencia Episcopal poniendo esta intenci\u00f3n en todas la celebraciones del domingo 5 de enero.<\/p>\n\n\n\n<h3 class=\"wp-block-heading\"><strong>Conmoci\u00f3n Nacional<\/strong><\/h3>\n\n\n\n<p class=\"has-medium-font-size\">La Fiscal\u00eda de Ecuador confirm\u00f3 este martes 31 de diciembre que los cuerpos calcinados, hallados el pasado 24 de diciembre cerca de una base militar en Guayaquil, corresponden a <strong>los cuatro ni\u00f1os desaparecidos desde el 8 de diciembre<\/strong>. Este tr\u00e1gico desenlace ha provocado una profunda conmoci\u00f3n nacional. <strong>En el mismo d\u00eda, la Fiscal\u00eda solicit\u00f3 prisi\u00f3n preventiva para 16 militares presuntamente involucrados en su desaparici\u00f3n<\/strong>, intensificando las demandas de justicia en el pa\u00eds.Mientras las investigaciones avanzan y las familias buscan justicia, el pueblo de Dios es llamado a levantar su voz en oraci\u00f3n para construir un Ecuador m\u00e1s justo, solidario y en paz. <strong>Que este momento de dolor sea tambi\u00e9n una oportunidad para fortalecer la fe y renovar el compromiso de trabajar por un futuro libre de violencia.<\/strong><\/p>\n\n\n\n<figure class=\"wp-block-image size-full\"><img fetchpriority=\"high\" decoding=\"async\" width=\"523\" height=\"655\" src=\"https:\/\/www.focolaresciudadnueva.com\/wp-content\/uploads\/2025\/01\/image-6.png\" alt=\"\" class=\"wp-image-15481\" srcset=\"https:\/\/www.focolaresciudadnueva.com\/wp-content\/uploads\/2025\/01\/image-6.png 523w, https:\/\/www.focolaresciudadnueva.com\/wp-content\/uploads\/2025\/01\/image-6-240x300.png 240w, https:\/\/www.focolaresciudadnueva.com\/wp-content\/uploads\/2025\/01\/image-6-72x90.png 72w\" sizes=\"(max-width: 523px) 100vw, 523px\" \/><\/figure>\n\n\n\n<figure class=\"wp-block-image size-full\"><img decoding=\"async\" width=\"522\" height=\"658\" src=\"https:\/\/www.focolaresciudadnueva.com\/wp-content\/uploads\/2025\/01\/image-7.png\" alt=\"\" class=\"wp-image-15482\" srcset=\"https:\/\/www.focolaresciudadnueva.com\/wp-content\/uploads\/2025\/01\/image-7.png 522w, https:\/\/www.focolaresciudadnueva.com\/wp-content\/uploads\/2025\/01\/image-7-238x300.png 238w, https:\/\/www.focolaresciudadnueva.com\/wp-content\/uploads\/2025\/01\/image-7-71x90.png 71w\" sizes=\"(max-width: 522px) 100vw, 522px\" \/><\/figure>\n\n\n\n<p><\/p>\n","protected":false},"excerpt":{"rendered":"<p>ADN CELAM El Consejo de Presidencia de la Conferencia Episcopal Ecuatoriana (CEE) ha enviado un comunicado dirigido a todos los obispos de Ecuador pidiendo se unan en oraci\u00f3n por los recientes actos de violencia que han conmocionado al Ecuador, tras el hallazgo de los restos calcinados de Josu\u00e9, Ismael, Sa\u00fal y Steven, que ha conmovido a todo el pa\u00eds. Monse\u00f1or Alfredo Jos\u00e9 Espinoza Mateus SDB, &hellip; <a href=\"https:\/\/www.focolaresciudadnueva.com\/inicio\/domingo-5-de-enero-jornada-de-oracion-por-la-paz-y-la-justicia-en-ecuador\/\" class=\"more-link\">Continue reading <span class=\"screen-reader-text\">Domingo 5 de enero: Jornada de oraci\u00f3n por la paz y la justicia en Ecuador<\/span><\/a><\/p>\n","protected":false},"author":4,"featured_media":15483,"comment_status":"open","ping_status":"open","sticky":false,"template":"","format":"standard","meta":{"footnotes":""},"categories":[111,63],"tags":[],"class_list":["post-15480","post","type-post","status-publish","format-standard","has-post-thumbnail","hentry","category-ecuador","category-iglesia"],"wpmagazine_modules_lite_featured_media_urls":{"thumbnail":["https:\/\/www.focolaresciudadnueva.com\/wp-content\/uploads\/2025\/01\/ECUADOR-JORNADA-ORACION-05-ENERO-2025-150x150.jpg",150,150,true],"cvmm-medium":["https:\/\/www.focolaresciudadnueva.com\/wp-content\/uploads\/2025\/01\/ECUADOR-JORNADA-ORACION-05-ENERO-2025-300x300.jpg",300,300,true],"cvmm-medium-plus":["https:\/\/www.focolaresciudadnueva.com\/wp-content\/uploads\/2025\/01\/ECUADOR-JORNADA-ORACION-05-ENERO-2025-305x207.jpg",305,207,true],"cvmm-portrait":["https:\/\/www.focolaresciudadnueva.com\/wp-content\/uploads\/2025\/01\/ECUADOR-JORNADA-ORACION-05-ENERO-2025-400x559.jpg",400,559,true],"cvmm-medium-square":["https:\/\/www.focolaresciudadnueva.com\/wp-content\/uploads\/2025\/01\/ECUADOR-JORNADA-ORACION-05-ENERO-2025-600x559.jpg",600,559,true],"cvmm-large":["https:\/\/www.focolaresciudadnueva.com\/wp-content\/uploads\/2025\/01\/ECUADOR-JORNADA-ORACION-05-ENERO-2025.jpg",958,559,false],"cvmm-small":["https:\/\/www.focolaresciudadnueva.com\/wp-content\/uploads\/2025\/01\/ECUADOR-JORNADA-ORACION-05-ENERO-2025-130x95.jpg",130,95,true],"full":["https:\/\/www.focolaresciudadnueva.com\/wp-content\/uploads\/2025\/01\/ECUADOR-JORNADA-ORACION-05-ENERO-2025.jpg",958,559,false]},"categories_names":{"111":{"name":"Ecuador","link":"https:\/\/www.focolaresciudadnueva.com\/inicio\/category\/ecuador\/"},"63":{"name":"Iglesia","link":"https:\/\/www.focolaresciudadnueva.com\/inicio\/category\/iglesia\/"}},"tags_names":[],"comments_number":"0","_links":{"self":[{"href":"https:\/\/www.focolaresciudadnueva.com\/inicio\/wp-json\/wp\/v2\/posts\/15480","targetHints":{"allow":["GET"]}}],"collection":[{"href":"https:\/\/www.focolaresciudadnueva.com\/inicio\/wp-json\/wp\/v2\/posts"}],"about":[{"href":"https:\/\/www.focolaresciudadnueva.com\/inicio\/wp-json\/wp\/v2\/types\/post"}],"author":[{"embeddable":true,"href":"https:\/\/www.focolaresciudadnueva.com\/inicio\/wp-json\/wp\/v2\/users\/4"}],"replies":[{"embeddable":true,"href":"https:\/\/www.focolaresciudadnueva.com\/inicio\/wp-json\/wp\/v2\/comments?post=15480"}],"version-history":[{"count":2,"href":"https:\/\/www.focolaresciudadnueva.com\/inicio\/wp-json\/wp\/v2\/posts\/15480\/revisions"}],"predecessor-version":[{"id":15485,"href":"https:\/\/www.focolaresciudadnueva.com\/inicio\/wp-json\/wp\/v2\/posts\/15480\/revisions\/15485"}],"wp:featuredmedia":[{"embeddable":true,"href":"https:\/\/www.focolaresciudadnueva.com\/inicio\/wp-json\/wp\/v2\/media\/15483"}],"wp:attachment":[{"href":"https:\/\/www.focolaresciudadnueva.com\/inicio\/wp-json\/wp\/v2\/media?parent=15480"}],"wp:term":[{"taxonomy":"category","embeddable":true,"href":"https:\/\/www.focolaresciudadnueva.com\/inicio\/wp-json\/wp\/v2\/categories?post=15480"},{"taxonomy":"post_tag","embeddable":true,"href":"https:\/\/www.focolaresciudadnueva.com\/inicio\/wp-json\/wp\/v2\/tags?post=15480"}],"curies":[{"name":"wp","href":"https:\/\/api.w.org\/{rel}","templated":true}]}}