{"id":15354,"date":"2024-12-26T12:28:21","date_gmt":"2024-12-26T16:28:21","guid":{"rendered":"https:\/\/www.focolaresciudadnueva.com\/inicio\/?p=15354"},"modified":"2024-12-26T12:50:41","modified_gmt":"2024-12-26T16:50:41","slug":"el-diamante-nos-recuerda-la-clave-de-chiara-para-tener-jesus-en-medio","status":"publish","type":"post","link":"https:\/\/www.focolaresciudadnueva.com\/inicio\/el-diamante-nos-recuerda-la-clave-de-chiara-para-tener-jesus-en-medio\/","title":{"rendered":"El Diamante: nos recuerda la clave de Chiara para tener Jes\u00fas en medio"},"content":{"rendered":"\n<p class=\"has-medium-font-size\">Desde el Centro Mari\u00e1polis El Diamante nos recuerdan la clave de Chiara Lubich para generar y merecer la presencia de Jes\u00fas entre nosotros:&nbsp;<\/p>\n\n\n\n<p class=\"has-medium-font-size\"><em>\u201cSi vivimos en unidad, Jes\u00fas siempre est\u00e1 en medio de nosotros, expresi\u00f3n de una Navidad permanente\u201d&nbsp;<\/em><\/p>\n\n\n\n<p class=\"has-medium-font-size\"><em>Chiara Lubich<\/em><\/p>\n","protected":false},"excerpt":{"rendered":"<p>Desde el Centro Mari\u00e1polis El Diamante nos recuerdan la clave de Chiara Lubich para generar y merecer la presencia de Jes\u00fas entre nosotros:\u00a0 <a href=\"https:\/\/www.focolaresciudadnueva.com\/inicio\/el-diamante-nos-recuerda-la-clave-de-chiara-para-tener-jesus-en-medio\/\" class=\"more-link\">Continue reading <span class=\"screen-reader-text\">El Diamante: nos recuerda la clave de Chiara para tener Jes\u00fas en medio<\/span><\/a><\/p>\n","protected":false},"author":4,"featured_media":15355,"comment_status":"open","ping_status":"open","sticky":false,"template":"","format":"standard","meta":{"footnotes":""},"categories":[162],"tags":[],"class_list":["post-15354","post","type-post","status-publish","format-standard","has-post-thumbnail","hentry","category-comunidades"],"wpmagazine_modules_lite_featured_media_urls":{"thumbnail":["https:\/\/www.focolaresciudadnueva.com\/wp-content\/uploads\/2024\/12\/NAVIDAD-EL-DIAMANTE-150x150.jpg",150,150,true],"cvmm-medium":["https:\/\/www.focolaresciudadnueva.com\/wp-content\/uploads\/2024\/12\/NAVIDAD-EL-DIAMANTE-300x300.jpg",300,300,true],"cvmm-medium-plus":["https:\/\/www.focolaresciudadnueva.com\/wp-content\/uploads\/2024\/12\/NAVIDAD-EL-DIAMANTE-305x207.jpg",305,207,true],"cvmm-portrait":["https:\/\/www.focolaresciudadnueva.com\/wp-content\/uploads\/2024\/12\/NAVIDAD-EL-DIAMANTE-400x600.jpg",400,600,true],"cvmm-medium-square":["https:\/\/www.focolaresciudadnueva.com\/wp-content\/uploads\/2024\/12\/NAVIDAD-EL-DIAMANTE-600x600.jpg",600,600,true],"cvmm-large":["https:\/\/www.focolaresciudadnueva.com\/wp-content\/uploads\/2024\/12\/NAVIDAD-EL-DIAMANTE-1024x901.jpg",1024,901,true],"cvmm-small":["https:\/\/www.focolaresciudadnueva.com\/wp-content\/uploads\/2024\/12\/NAVIDAD-EL-DIAMANTE-130x95.jpg",130,95,true],"full":["https:\/\/www.focolaresciudadnueva.com\/wp-content\/uploads\/2024\/12\/NAVIDAD-EL-DIAMANTE.jpg",1600,901,false]},"categories_names":{"162":{"name":"Comunidades","link":"https:\/\/www.focolaresciudadnueva.com\/inicio\/category\/comunidades\/"}},"tags_names":[],"comments_number":"0","_links":{"self":[{"href":"https:\/\/www.focolaresciudadnueva.com\/inicio\/wp-json\/wp\/v2\/posts\/15354","targetHints":{"allow":["GET"]}}],"collection":[{"href":"https:\/\/www.focolaresciudadnueva.com\/inicio\/wp-json\/wp\/v2\/posts"}],"about":[{"href":"https:\/\/www.focolaresciudadnueva.com\/inicio\/wp-json\/wp\/v2\/types\/post"}],"author":[{"embeddable":true,"href":"https:\/\/www.focolaresciudadnueva.com\/inicio\/wp-json\/wp\/v2\/users\/4"}],"replies":[{"embeddable":true,"href":"https:\/\/www.focolaresciudadnueva.com\/inicio\/wp-json\/wp\/v2\/comments?post=15354"}],"version-history":[{"count":1,"href":"https:\/\/www.focolaresciudadnueva.com\/inicio\/wp-json\/wp\/v2\/posts\/15354\/revisions"}],"predecessor-version":[{"id":15356,"href":"https:\/\/www.focolaresciudadnueva.com\/inicio\/wp-json\/wp\/v2\/posts\/15354\/revisions\/15356"}],"wp:featuredmedia":[{"embeddable":true,"href":"https:\/\/www.focolaresciudadnueva.com\/inicio\/wp-json\/wp\/v2\/media\/15355"}],"wp:attachment":[{"href":"https:\/\/www.focolaresciudadnueva.com\/inicio\/wp-json\/wp\/v2\/media?parent=15354"}],"wp:term":[{"taxonomy":"category","embeddable":true,"href":"https:\/\/www.focolaresciudadnueva.com\/inicio\/wp-json\/wp\/v2\/categories?post=15354"},{"taxonomy":"post_tag","embeddable":true,"href":"https:\/\/www.focolaresciudadnueva.com\/inicio\/wp-json\/wp\/v2\/tags?post=15354"}],"curies":[{"name":"wp","href":"https:\/\/api.w.org\/{rel}","templated":true}]}}