{"id":15345,"date":"2024-12-26T12:08:31","date_gmt":"2024-12-26T16:08:31","guid":{"rendered":"https:\/\/www.focolaresciudadnueva.com\/inicio\/?p=15345"},"modified":"2024-12-26T12:21:36","modified_gmt":"2024-12-26T16:21:36","slug":"15345-2","status":"publish","type":"post","link":"https:\/\/www.focolaresciudadnueva.com\/inicio\/15345-2\/","title":{"rendered":"Ram\u00f3n Cervi\u00f1o: buenos augurios para renovar los sue\u00f1os de EdC"},"content":{"rendered":"\n<p class=\"has-medium-font-size\">Compartimos el saludo de Ram\u00f3n a los amigos y amigas de la zona interamericana: <\/p>\n\n\n\n<p class=\"has-medium-font-size\">Buenos d\u00edas Afu, Oscar, Rosanna, Yosniel Ernesto, Fernando, Yesid Galo, Luis Fernando, Luca, Maicha, Mat\u00edas, Norma, Aldo, Christian, Vicente, , Anouk, , Isa\u00edas, Germ\u00e1n, Lucas,<br>FELIZ NAVIDAD!!!<br><em>Permitamos que el Ni\u00f1o nos renueve y que con nuestra vida podamos colaborar en el construir la proximidad y la paz.<br>Gracias a cada una, a cada uno por el compromiso y la vida que me alimenta.<br>Que en el 2025 podamos renovar sue\u00f1os en le EdC y caminar cada d\u00eda para concretarlos y hacerlos presente en\u00a0la\u00a0humanidad.<\/em><\/p>\n\n\n\n<p class=\"has-medium-font-size\">Les comparto una canci\u00f3n. La cantan Marcelo Polakoff, rabino y Mons. Pedro Torres hoy obispo de Rafaela, integrantes del COMIPAZ (Consejo Interrreligioso por la Paz) que surgi\u00f3 en C\u00f3rdoba\u00a0en\u00a01998.<\/p>\n\n\n\n<figure class=\"wp-block-embed is-type-video is-provider-youtube wp-block-embed-youtube wp-embed-aspect-16-9 wp-has-aspect-ratio\"><div class=\"wp-block-embed__wrapper\">\n<iframe title=\"ES NAVIDAD Y JANUC\u00c1\" width=\"720\" height=\"405\" src=\"https:\/\/www.youtube.com\/embed\/s7XoNOjOGOI?feature=oembed\" frameborder=\"0\" allow=\"accelerometer; autoplay; clipboard-write; encrypted-media; gyroscope; picture-in-picture; web-share\" referrerpolicy=\"strict-origin-when-cross-origin\" allowfullscreen><\/iframe>\n<\/div><\/figure>\n","protected":false},"excerpt":{"rendered":"<p>Compartimos el saludo de Ram\u00f3n a los amigos y amigas de la zona interamericana:  <a href=\"https:\/\/www.focolaresciudadnueva.com\/inicio\/15345-2\/\" class=\"more-link\">Continue reading <span class=\"screen-reader-text\">Ram\u00f3n Cervi\u00f1o: buenos augurios para renovar los sue\u00f1os de EdC<\/span><\/a><\/p>\n","protected":false},"author":4,"featured_media":15346,"comment_status":"open","ping_status":"open","sticky":false,"template":"","format":"standard","meta":{"footnotes":""},"categories":[162],"tags":[],"class_list":["post-15345","post","type-post","status-publish","format-standard","has-post-thumbnail","hentry","category-comunidades"],"wpmagazine_modules_lite_featured_media_urls":{"thumbnail":["https:\/\/www.focolaresciudadnueva.com\/wp-content\/uploads\/2024\/12\/RAMON-CERVINO-EDC-150x150.jpg",150,150,true],"cvmm-medium":["https:\/\/www.focolaresciudadnueva.com\/wp-content\/uploads\/2024\/12\/RAMON-CERVINO-EDC-300x300.jpg",300,300,true],"cvmm-medium-plus":["https:\/\/www.focolaresciudadnueva.com\/wp-content\/uploads\/2024\/12\/RAMON-CERVINO-EDC-305x207.jpg",305,207,true],"cvmm-portrait":["https:\/\/www.focolaresciudadnueva.com\/wp-content\/uploads\/2024\/12\/RAMON-CERVINO-EDC-400x402.jpg",400,402,true],"cvmm-medium-square":["https:\/\/www.focolaresciudadnueva.com\/wp-content\/uploads\/2024\/12\/RAMON-CERVINO-EDC-600x402.jpg",600,402,true],"cvmm-large":["https:\/\/www.focolaresciudadnueva.com\/wp-content\/uploads\/2024\/12\/RAMON-CERVINO-EDC.jpg",604,402,false],"cvmm-small":["https:\/\/www.focolaresciudadnueva.com\/wp-content\/uploads\/2024\/12\/RAMON-CERVINO-EDC-130x95.jpg",130,95,true],"full":["https:\/\/www.focolaresciudadnueva.com\/wp-content\/uploads\/2024\/12\/RAMON-CERVINO-EDC.jpg",604,402,false]},"categories_names":{"162":{"name":"Comunidades","link":"https:\/\/www.focolaresciudadnueva.com\/inicio\/category\/comunidades\/"}},"tags_names":[],"comments_number":"0","_links":{"self":[{"href":"https:\/\/www.focolaresciudadnueva.com\/inicio\/wp-json\/wp\/v2\/posts\/15345","targetHints":{"allow":["GET"]}}],"collection":[{"href":"https:\/\/www.focolaresciudadnueva.com\/inicio\/wp-json\/wp\/v2\/posts"}],"about":[{"href":"https:\/\/www.focolaresciudadnueva.com\/inicio\/wp-json\/wp\/v2\/types\/post"}],"author":[{"embeddable":true,"href":"https:\/\/www.focolaresciudadnueva.com\/inicio\/wp-json\/wp\/v2\/users\/4"}],"replies":[{"embeddable":true,"href":"https:\/\/www.focolaresciudadnueva.com\/inicio\/wp-json\/wp\/v2\/comments?post=15345"}],"version-history":[{"count":3,"href":"https:\/\/www.focolaresciudadnueva.com\/inicio\/wp-json\/wp\/v2\/posts\/15345\/revisions"}],"predecessor-version":[{"id":15353,"href":"https:\/\/www.focolaresciudadnueva.com\/inicio\/wp-json\/wp\/v2\/posts\/15345\/revisions\/15353"}],"wp:featuredmedia":[{"embeddable":true,"href":"https:\/\/www.focolaresciudadnueva.com\/inicio\/wp-json\/wp\/v2\/media\/15346"}],"wp:attachment":[{"href":"https:\/\/www.focolaresciudadnueva.com\/inicio\/wp-json\/wp\/v2\/media?parent=15345"}],"wp:term":[{"taxonomy":"category","embeddable":true,"href":"https:\/\/www.focolaresciudadnueva.com\/inicio\/wp-json\/wp\/v2\/categories?post=15345"},{"taxonomy":"post_tag","embeddable":true,"href":"https:\/\/www.focolaresciudadnueva.com\/inicio\/wp-json\/wp\/v2\/tags?post=15345"}],"curies":[{"name":"wp","href":"https:\/\/api.w.org\/{rel}","templated":true}]}}