{"id":15339,"date":"2024-12-26T11:25:23","date_gmt":"2024-12-26T15:25:23","guid":{"rendered":"https:\/\/www.focolaresciudadnueva.com\/inicio\/?p=15339"},"modified":"2024-12-26T12:19:54","modified_gmt":"2024-12-26T16:19:54","slug":"parroco-de-la-sagrada-familia-a-las-comunidades-que-el-nino-dios-siga-creciendo-entre-nosotros","status":"publish","type":"post","link":"https:\/\/www.focolaresciudadnueva.com\/inicio\/parroco-de-la-sagrada-familia-a-las-comunidades-que-el-nino-dios-siga-creciendo-entre-nosotros\/","title":{"rendered":"P\u00e1rroco de La Sagrada Familia a las comunidades: Que el Ni\u00f1o Dios siga creciendo entre nosotros"},"content":{"rendered":"\n<p class=\"has-medium-font-size\">El Padre \u00c1lvaro Jaramillo, quien hace parte del movimiento desde joven nos deja este mensaje: <\/p>\n\n\n\n<p class=\"has-medium-font-size\"><em>Siempre la navidad entra\u00f1a la felicidad por la alegr\u00eda del ni\u00f1o Jes\u00fas que nos ha nacido. Que este ni\u00f1o Dios nacido entre nosotros siga creciendo para que la unidad se siga construyendo entre todos. De coraz\u00f3n les deseo una feliz navidad que les traiga muchas bendiciones.<\/em><br><\/p>\n\n\n\n<p class=\"has-medium-font-size\">P.\u00a0\u00c1lvaro Jaramillo, p\u00e1rroco de La Sagrada Familia, Medell\u00edn. <\/p>\n","protected":false},"excerpt":{"rendered":"<p>Siempre la navidad entra\u00f1a la felicidad por la alegr\u00eda del ni\u00f1o Jes\u00fas que nos ha nacido. Que este ni\u00f1o Dios nacido entre nosotros siga creciendo para que la unidad se siga construyendo entre de todos. De coraz\u00f3n les deseo una feliz navidad que les traiga muchas bendiciones. <a href=\"https:\/\/www.focolaresciudadnueva.com\/inicio\/parroco-de-la-sagrada-familia-a-las-comunidades-que-el-nino-dios-siga-creciendo-entre-nosotros\/\" class=\"more-link\">Continue reading <span class=\"screen-reader-text\">P\u00e1rroco de La Sagrada Familia a las comunidades: Que el Ni\u00f1o Dios siga creciendo entre nosotros<\/span><\/a><\/p>\n","protected":false},"author":4,"featured_media":15115,"comment_status":"open","ping_status":"open","sticky":false,"template":"","format":"standard","meta":{"footnotes":""},"categories":[162],"tags":[],"class_list":["post-15339","post","type-post","status-publish","format-standard","has-post-thumbnail","hentry","category-comunidades"],"wpmagazine_modules_lite_featured_media_urls":{"thumbnail":["https:\/\/www.focolaresciudadnueva.com\/wp-content\/uploads\/2024\/12\/Sagrada-Familia-958x559-1-150x150.jpg",150,150,true],"cvmm-medium":["https:\/\/www.focolaresciudadnueva.com\/wp-content\/uploads\/2024\/12\/Sagrada-Familia-958x559-1-300x300.jpg",300,300,true],"cvmm-medium-plus":["https:\/\/www.focolaresciudadnueva.com\/wp-content\/uploads\/2024\/12\/Sagrada-Familia-958x559-1-305x207.jpg",305,207,true],"cvmm-portrait":["https:\/\/www.focolaresciudadnueva.com\/wp-content\/uploads\/2024\/12\/Sagrada-Familia-958x559-1-400x559.jpg",400,559,true],"cvmm-medium-square":["https:\/\/www.focolaresciudadnueva.com\/wp-content\/uploads\/2024\/12\/Sagrada-Familia-958x559-1-600x559.jpg",600,559,true],"cvmm-large":["https:\/\/www.focolaresciudadnueva.com\/wp-content\/uploads\/2024\/12\/Sagrada-Familia-958x559-1.jpg",958,559,false],"cvmm-small":["https:\/\/www.focolaresciudadnueva.com\/wp-content\/uploads\/2024\/12\/Sagrada-Familia-958x559-1-130x95.jpg",130,95,true],"full":["https:\/\/www.focolaresciudadnueva.com\/wp-content\/uploads\/2024\/12\/Sagrada-Familia-958x559-1.jpg",958,559,false]},"categories_names":{"162":{"name":"Comunidades","link":"https:\/\/www.focolaresciudadnueva.com\/inicio\/category\/comunidades\/"}},"tags_names":[],"comments_number":"0","_links":{"self":[{"href":"https:\/\/www.focolaresciudadnueva.com\/inicio\/wp-json\/wp\/v2\/posts\/15339","targetHints":{"allow":["GET"]}}],"collection":[{"href":"https:\/\/www.focolaresciudadnueva.com\/inicio\/wp-json\/wp\/v2\/posts"}],"about":[{"href":"https:\/\/www.focolaresciudadnueva.com\/inicio\/wp-json\/wp\/v2\/types\/post"}],"author":[{"embeddable":true,"href":"https:\/\/www.focolaresciudadnueva.com\/inicio\/wp-json\/wp\/v2\/users\/4"}],"replies":[{"embeddable":true,"href":"https:\/\/www.focolaresciudadnueva.com\/inicio\/wp-json\/wp\/v2\/comments?post=15339"}],"version-history":[{"count":2,"href":"https:\/\/www.focolaresciudadnueva.com\/inicio\/wp-json\/wp\/v2\/posts\/15339\/revisions"}],"predecessor-version":[{"id":15341,"href":"https:\/\/www.focolaresciudadnueva.com\/inicio\/wp-json\/wp\/v2\/posts\/15339\/revisions\/15341"}],"wp:featuredmedia":[{"embeddable":true,"href":"https:\/\/www.focolaresciudadnueva.com\/inicio\/wp-json\/wp\/v2\/media\/15115"}],"wp:attachment":[{"href":"https:\/\/www.focolaresciudadnueva.com\/inicio\/wp-json\/wp\/v2\/media?parent=15339"}],"wp:term":[{"taxonomy":"category","embeddable":true,"href":"https:\/\/www.focolaresciudadnueva.com\/inicio\/wp-json\/wp\/v2\/categories?post=15339"},{"taxonomy":"post_tag","embeddable":true,"href":"https:\/\/www.focolaresciudadnueva.com\/inicio\/wp-json\/wp\/v2\/tags?post=15339"}],"curies":[{"name":"wp","href":"https:\/\/api.w.org\/{rel}","templated":true}]}}