{"id":14021,"date":"2024-10-13T06:00:00","date_gmt":"2024-10-13T10:00:00","guid":{"rendered":"https:\/\/www.focolaresciudadnueva.com\/inicio\/?p=14021"},"modified":"2024-10-10T14:57:39","modified_gmt":"2024-10-10T18:57:39","slug":"el-derecho-su-incidencia-en-la-politica-y-una-contribucion-a-la-fraternidad-universal","status":"publish","type":"post","link":"https:\/\/www.focolaresciudadnueva.com\/inicio\/el-derecho-su-incidencia-en-la-politica-y-una-contribucion-a-la-fraternidad-universal\/","title":{"rendered":"El Derecho, su incidencia en la pol\u00edtica y una contribuci\u00f3n a la fraternidad universal"},"content":{"rendered":"\n<p class=\"has-medium-font-size\">La Inundaci\u00f3n del Derecho, un camino en el movimiento de los Focolares (inundaci\u00f3n expresi\u00f3n de abundancia del Esp\u00edritu) conocida como Comuni\u00f3n y Derecho est\u00e1 constituida por un grupo de estudiosos y profesionales del Derecho, presente en diversas partes del mundo, que inspiran sus acciones y buscan las siguientes finalidades: el empe\u00f1o en llevar adelante, en sus actividades profe sionales, una praxis en las acciones inspirada por la fraternidad; y el estudio y la realizaci\u00f3n de investigaciones realizados en un esp\u00edritu de di\u00e1logo con las diversas corrientes de la cultura jur\u00eddica. Trabajan para el logro de la justicia y una renovaci\u00f3n profunda, tanto en el campo jur\u00eddico como el legal y el judicial, instaurando nuevos modos de comportamiento y de relaciones jur\u00eddicas inspiradas en la fraternidad.<\/p>\n\n\n\n<p class=\"has-medium-font-size\">Nacida la Inundaci\u00f3n en Italia en la d\u00e9cada del noventa del siglo pasado, donde actualmente funciona la Comisi\u00f3n Central de Comunione e Diritto, el espacio ha tenido una permanencia de m\u00e1s de 30 a\u00f1os, y durante gran parte de ellos estuvo presidido por el ex ministro de la Corte de Casaci\u00f3n Italiana y reconocido magistrado, Giovanni Caso. Sus integrantes son abogados, escribanos, magistrados y estudiantes, que se re\u00fanen peri\u00f3dicamente en los distintos pa\u00edses para intercambiar ideas, discutir y compartir experiencias, a fin de desempe\u00f1ar siempre mejor su profesi\u00f3n. Estas reuniones han sido para muchos un est\u00edmulo, un crecimiento en la conciencia del valor de los esfuerzos que hacemos, de los retrocesos y fracasos a los que nos enfrentamos. Juntos hemos podido fortalecer la determinaci\u00f3n y el compromiso. El resultado fue un \u201cestilo\u201d de operar en y para la justicia, y al mismo tiempo una clave para leer la realidad jur\u00eddica y la funci\u00f3n judicial, junto con el deseo de ser testigos de ella en el propio entorno.<\/p>\n\n\n\n<p class=\"has-white-color has-medium-gray-background-color has-text-color has-background has-link-color has-large-font-size wp-elements-b63845296063145577648cd2dbb3c12a\"><strong>\u201c\u2026una praxis en las acciones inspirada por la fraternidad\u2026\u201d<\/strong><\/p>\n\n\n\n<p class=\"has-medium-font-size\">Un momento importante fue la realizaci\u00f3n del Congreso Internacional en 2005 titulado \u201cRelaciones en el derecho: \u00bfhay lugar para la fraternidad?\u201d All\u00ed se analiz\u00f3 la fraternidad como paradigma. \u00bfCu\u00e1l es entonces la contribuci\u00f3n del Derecho hoy? La pregunta desafi\u00f3 a los juristas de varios pa\u00edses, que se dieron cita en la localidad de Castel Gandolfo, cerca de Roma. El tema \u201cComuni\u00f3n y Derecho\u201d se plante\u00f3 como un nuevo desaf\u00edo: el de verificar la fraternidad como paradigma posible, para lograr formas de cohesi\u00f3n social sin comprimir la libertad y la igualdad de las personas. Se destac\u00f3 all\u00ed que, en la cultura contempor\u00e1nea, el Derecho parece perder su verdadera funci\u00f3n social, para convertirse cada vez m\u00e1s en un Derecho de individuos \u00fanicos, separados y aislados; un Derecho, por tanto, incapaz de reconciliar las libertades individuales en una coexistencia de compartir e inclusi\u00f3n. (2)<\/p>\n\n\n\n<figure class=\"wp-block-image size-full is-resized\"><img fetchpriority=\"high\" decoding=\"async\" width=\"493\" height=\"308\" src=\"https:\/\/www.focolaresciudadnueva.com\/wp-content\/uploads\/2024\/10\/MPPU_POLITICA_Ciudadnueva-10-Octubre-copia-10.jpg\" alt=\"\" class=\"wp-image-14024\" style=\"width:899px;height:auto\" srcset=\"https:\/\/www.focolaresciudadnueva.com\/wp-content\/uploads\/2024\/10\/MPPU_POLITICA_Ciudadnueva-10-Octubre-copia-10.jpg 493w, https:\/\/www.focolaresciudadnueva.com\/wp-content\/uploads\/2024\/10\/MPPU_POLITICA_Ciudadnueva-10-Octubre-copia-10-300x187.jpg 300w, https:\/\/www.focolaresciudadnueva.com\/wp-content\/uploads\/2024\/10\/MPPU_POLITICA_Ciudadnueva-10-Octubre-copia-10-144x90.jpg 144w\" sizes=\"(max-width: 493px) 100vw, 493px\" \/><\/figure>\n\n\n\n<p class=\"has-medium-font-size\">Expertos y estudiosos tambi\u00e9n se han convertido en protagonistas a lo largo de estos a\u00f1os. En Brasil, cuando se cre\u00f3 la unidad permanente de investigaci\u00f3n sobre \u201cDerecho y Fraternidad\u201d en la Universidad de Florian\u00f3polis, se realizaron proyectos de investigaci\u00f3n, tesis de grado y doctorados sobre el tema de la fraternidad. El horizonte se ampli\u00f3 a\u00fan m\u00e1s con la Conferencia Internacional celebrada en 2015 sobre medioambiente y derechos llamada \u201cEntre responsabilidad y participaci\u00f3n\u201d, un di\u00e1logo entre el Derecho y otras ciencias.&nbsp;<\/p>\n\n\n\n<p class=\"has-white-color has-medium-gray-background-color has-text-color has-background has-link-color has-large-font-size wp-elements-a7783c6c70dbd0144314676c4caa7b1a\"><strong>El tema \u201cComuni\u00f3n y Derecho\u201d se plante\u00f3 como un nuevo desaf\u00edo \u2026<\/strong><\/p>\n\n\n\n<p class=\"has-medium-font-size\">All\u00ed se se\u00f1al\u00f3 que, m\u00e1s all\u00e1 de un formalismo que cierra el Derecho en la norma, queremos abrirlo m\u00e1s bien a una pregunta: \u00bfEs el derecho realmente reducible a la norma, o la norma es s\u00f3lo uno de los aspectos, quiz\u00e1s el m\u00e1s conspicuo, pero no agota toda la realidad jur\u00eddica en s\u00ed misma?3 En la red de relaciones, Comuni\u00f3n y Derecho tambi\u00e9n abri\u00f3 v\u00edas de di\u00e1logo en Estados Unidos, en la Fordham University de Nueva York. All\u00ed se form\u00f3 un grupo de profesores con una curiosa particularidad: estaba conformado por al menos cuatro denominaciones religiosas; cristiana, jud\u00eda, budista y musulmana. Este grupo, abierto a la contribuci\u00f3n de otros juristas ajenos a la Universidad, despu\u00e9s de haber participado activamente en varios encuentros internacionales de Comuni\u00f3n y Derecho, ha emprendido en Estados Unidos un interesante estudio sobre el tema \u201cEl amor al pr\u00f3jimo y la ley\u201d.Otra instancia destacada fue la reciente realizaci\u00f3n del primer Congreso Latinoamericano de Comuni\u00f3n y Derecho, durante mayo pasado en Manaos, Brasil. Titulado Fraternidad y Derecho en desarrollo, estuvo organizado en conjunto con el Tribunal de Justicia del Estado de Amazonas y la Escuela Superior de la Magistratura del Amazonas.<\/p>\n\n\n\n<p class=\"has-white-color has-medium-gray-background-color has-text-color has-background has-link-color has-large-font-size wp-elements-04faa62109f6271f685e913940fe6559\"><strong>&nbsp;\u201c\u2026\u00bfEs el derecho realmente reducible a la norma, o la norma es s\u00f3lo uno de los aspectos\u2026\u201d<\/strong><\/p>\n\n\n\n<p class=\"has-medium-font-size\">En ese importante evento pudimos intervenir junto con una delegaci\u00f3n de distintos pa\u00edses de Am\u00e9rica Latina. Por el Cono Sur participaron el Dr. Oscar V\u00e1zquez (Magistrado de Argentina e integrante de la Comisi\u00f3n Central de la Inundaci\u00f3n en Italia), la Dra. Cristina Calvo (Economista especialista en Desarrollo Humano Integral, PhD en Econom\u00eda, Magister en Gobernabilidad y Desarrollo), y tambi\u00e9n la profesora M\u00f3nica Maglianesi (de la Universidad Cat\u00f3lica de Rosario, Argentina), con quien compartimos un espacio llamado \u00c9tica en el Derecho, que consta de reuniones peri\u00f3dicas virtuales entre profesionales de diferentes lugares, a los efectos de comunicar experiencias y apoyar a investigadores en estos temas.&nbsp;<\/p>\n\n\n\n<p class=\"has-medium-font-size\">Para finalizar, un breve comentario acerca de Comuni\u00f3n y Derecho. La legalidad debe preocuparse por las necesidades de la persona, como horizonte de sentido en la observancia de las normas. La justicia es guardiana de las relaciones en igual dignidad; y la fraternidad, un proyecto, no una utop\u00eda. Pero es necesario declinar en forma renovada las categor\u00edas jur\u00eddicas, antiguas por supuesto, para darles vida nuevamente. Un horizonte, nos parece, al que ni siquiera la ley es ajena. En efecto, con sus principios, tambi\u00e9n puede contribuir a la dimensi\u00f3n de una fraternidad universal, hoy m\u00e1s necesaria que nunca para formar la familia humana, y transformar la cultura del tener en una cultura del ser (4)<\/p>\n\n\n\n<p class=\"has-white-color has-medium-gray-background-color has-text-color has-background has-link-color has-large-font-size wp-elements-7ccce166c1f5b572c6c20e67f1c46ae5\"><strong>&nbsp;\u201cLa legalidad debe preocuparse por las necesidades de la persona\u2026\u201d<\/strong><\/p>\n\n\n\n<p>Recientemente, desde SOPHIA Latinoamericana se dict\u00f3 en conjunto con el Programa de Tierras hac\u00eda una fraternidad posible un curso sobre Derechos Humanos y Fraternidad un binomio inseparable. Donde participaron personas de toda Am\u00e9rica Latina, del \u00e1rea del derecho, de la academia, de las organizaciones sociales, y de los colectivos de las comunidades originarias y movimientos sociales. Fue muy valorizado el tema imperativo de los derechos humanos en nuestros pueblos y su posibilidad de comprensi\u00f3n y actuaci\u00f3n desde la frater nidad activa. Da esperanza que en Am\u00e9rica Latina circule por sus venas y arterias del continente nueva sangre, capaz de energizar sociedades m\u00e1s justas.&nbsp;<\/p>\n\n\n\n<p><em>Por Ra\u00fal Gamarra* \u2013 Uruguay y la Redacci\u00f3n de Ciudad Nueva Interamericana *El autor de esta nota es abogado y escribano, integrante de Comuni\u00f3n y Derecho. Tambi\u00e9n es miembro del Colegio de Abogados del Uruguay, de la Asociaci\u00f3n de Escribanos del Uruguay y de la RUEF (Red Universitaria de Estudios sobre La Fraternidad).\u00a0<\/em><\/p>\n\n\n\n<p>1. <a href=\"http:\/\/www.comunionediritto.org\/it\/\">www.comunionediritto.org\/it\/<\/a>&nbsp;&nbsp;<\/p>\n\n\n\n<p>2. Informaci\u00f3n en la referida p\u00e1gina de acceso libre.&nbsp;<\/p>\n\n\n\n<p>3. <a href=\"http:\/\/www.comunionediritto.org\/it\/\">www.comunionediritto.org\/it\/<\/a>&nbsp;&nbsp;<\/p>\n\n\n\n<p>4. Informaci\u00f3n en la referida p\u00e1gina de acceso libre<\/p>\n","protected":false},"excerpt":{"rendered":"<p>La Inundaci\u00f3n del Derecho, un camino en el movimiento de los Focolares (inundaci\u00f3n expresi\u00f3n de abundancia del Esp\u00edritu) conocida como Comuni\u00f3n y Derecho est\u00e1 constituida por un grupo de estudiosos y profesionales del Derecho, presente en diversas partes del mundo. <a href=\"https:\/\/www.focolaresciudadnueva.com\/inicio\/el-derecho-su-incidencia-en-la-politica-y-una-contribucion-a-la-fraternidad-universal\/\" class=\"more-link\">Continue reading <span class=\"screen-reader-text\">El Derecho, su incidencia en la pol\u00edtica y una contribuci\u00f3n a la fraternidad universal<\/span><\/a><\/p>\n","protected":false},"author":4,"featured_media":14023,"comment_status":"open","ping_status":"open","sticky":false,"template":"","format":"standard","meta":{"footnotes":""},"categories":[60,146,82],"tags":[],"class_list":["post-14021","post","type-post","status-publish","format-standard","has-post-thumbnail","hentry","category-dialogos-en-la-cultura","category-movimiento-politico-por-la-unidad","category-politica"],"wpmagazine_modules_lite_featured_media_urls":{"thumbnail":["https:\/\/www.focolaresciudadnueva.com\/wp-content\/uploads\/2024\/10\/MPPU_POLITICA_Ciudadnueva-10-Octubre-copia-09-150x150.jpg",150,150,true],"cvmm-medium":["https:\/\/www.focolaresciudadnueva.com\/wp-content\/uploads\/2024\/10\/MPPU_POLITICA_Ciudadnueva-10-Octubre-copia-09-300x278.jpg",300,278,true],"cvmm-medium-plus":["https:\/\/www.focolaresciudadnueva.com\/wp-content\/uploads\/2024\/10\/MPPU_POLITICA_Ciudadnueva-10-Octubre-copia-09-305x207.jpg",305,207,true],"cvmm-portrait":["https:\/\/www.focolaresciudadnueva.com\/wp-content\/uploads\/2024\/10\/MPPU_POLITICA_Ciudadnueva-10-Octubre-copia-09-400x278.jpg",400,278,true],"cvmm-medium-square":["https:\/\/www.focolaresciudadnueva.com\/wp-content\/uploads\/2024\/10\/MPPU_POLITICA_Ciudadnueva-10-Octubre-copia-09-600x278.jpg",600,278,true],"cvmm-large":["https:\/\/www.focolaresciudadnueva.com\/wp-content\/uploads\/2024\/10\/MPPU_POLITICA_Ciudadnueva-10-Octubre-copia-09.jpg",1011,278,false],"cvmm-small":["https:\/\/www.focolaresciudadnueva.com\/wp-content\/uploads\/2024\/10\/MPPU_POLITICA_Ciudadnueva-10-Octubre-copia-09-130x95.jpg",130,95,true],"full":["https:\/\/www.focolaresciudadnueva.com\/wp-content\/uploads\/2024\/10\/MPPU_POLITICA_Ciudadnueva-10-Octubre-copia-09.jpg",1011,278,false]},"categories_names":{"60":{"name":"Di\u00e1logos en la Cultura","link":"https:\/\/www.focolaresciudadnueva.com\/inicio\/category\/dialogos-en-la-cultura\/"},"146":{"name":"Movimiento Politico por la Unidad","link":"https:\/\/www.focolaresciudadnueva.com\/inicio\/category\/movimiento-politico-por-la-unidad\/"},"82":{"name":"Pol\u00edtica","link":"https:\/\/www.focolaresciudadnueva.com\/inicio\/category\/politica\/"}},"tags_names":[],"comments_number":"0","_links":{"self":[{"href":"https:\/\/www.focolaresciudadnueva.com\/inicio\/wp-json\/wp\/v2\/posts\/14021","targetHints":{"allow":["GET"]}}],"collection":[{"href":"https:\/\/www.focolaresciudadnueva.com\/inicio\/wp-json\/wp\/v2\/posts"}],"about":[{"href":"https:\/\/www.focolaresciudadnueva.com\/inicio\/wp-json\/wp\/v2\/types\/post"}],"author":[{"embeddable":true,"href":"https:\/\/www.focolaresciudadnueva.com\/inicio\/wp-json\/wp\/v2\/users\/4"}],"replies":[{"embeddable":true,"href":"https:\/\/www.focolaresciudadnueva.com\/inicio\/wp-json\/wp\/v2\/comments?post=14021"}],"version-history":[{"count":3,"href":"https:\/\/www.focolaresciudadnueva.com\/inicio\/wp-json\/wp\/v2\/posts\/14021\/revisions"}],"predecessor-version":[{"id":14027,"href":"https:\/\/www.focolaresciudadnueva.com\/inicio\/wp-json\/wp\/v2\/posts\/14021\/revisions\/14027"}],"wp:featuredmedia":[{"embeddable":true,"href":"https:\/\/www.focolaresciudadnueva.com\/inicio\/wp-json\/wp\/v2\/media\/14023"}],"wp:attachment":[{"href":"https:\/\/www.focolaresciudadnueva.com\/inicio\/wp-json\/wp\/v2\/media?parent=14021"}],"wp:term":[{"taxonomy":"category","embeddable":true,"href":"https:\/\/www.focolaresciudadnueva.com\/inicio\/wp-json\/wp\/v2\/categories?post=14021"},{"taxonomy":"post_tag","embeddable":true,"href":"https:\/\/www.focolaresciudadnueva.com\/inicio\/wp-json\/wp\/v2\/tags?post=14021"}],"curies":[{"name":"wp","href":"https:\/\/api.w.org\/{rel}","templated":true}]}}