{"id":13400,"date":"2024-09-08T15:04:44","date_gmt":"2024-09-08T19:04:44","guid":{"rendered":"https:\/\/www.focolaresciudadnueva.com\/inicio\/?p=13400"},"modified":"2024-09-08T15:04:45","modified_gmt":"2024-09-08T19:04:45","slug":"seminario-internacional-los-desafios-de-la-inteligencia-artificial","status":"publish","type":"post","link":"https:\/\/www.focolaresciudadnueva.com\/inicio\/seminario-internacional-los-desafios-de-la-inteligencia-artificial\/","title":{"rendered":"Seminario internacional Los Desaf\u00edos de la Inteligencia Artificial"},"content":{"rendered":"\n<p class=\"has-medium-font-size\">Del 9 al 11 de septiembre de 2022 tendr\u00e1 lugar en el Instituto Universitario Sophia de Loppiano (Incisa Val d&#8217;Arno) un seminario internacional titulado La dignidad de la persona en la era de los desaf\u00edos de la Inteligencia Artificial , organizado por la red Comunione e Diritto conferencia internacional de juristas, en colaboraci\u00f3n con el Centro Sophia de Investigaci\u00f3n en Pol\u00edtica y Derechos Humanos (PHR).\u00a0<\/p>\n\n\n\n<p><strong>PROGRAMA | <\/strong><a href=\"http:\/\/comunionediritto.org\/images\/2022\/seminario\/Programma-Seminario-CeD2022-IT.pdf\"><strong>italiano<\/strong><\/a><strong>\u00a0 | <\/strong><a href=\"http:\/\/comunionediritto.org\/images\/2022\/seminario\/Programma-Seminario-CeD2022--en-US.pdf\"><strong>Ingl\u00e9s<\/strong><\/a><strong> | <\/strong><a href=\"http:\/\/comunionediritto.org\/images\/2022\/seminario\/Programma-Seminario-CeD2022-PT.pdf\"><strong>portugu\u00e9s<\/strong><\/a><\/p>\n\n\n\n<p class=\"has-medium-font-size\">El Seminario pretende ser una oportunidad para un camino de reflexi\u00f3n y discusi\u00f3n, escucha y di\u00e1logo sobre un tema que afecta hoy m\u00e1s que nunca a la humanidad del hombre. Desde hace alg\u00fan tiempo, la relaci\u00f3n entre tecnolog\u00eda y derecho plantea nuevas preguntas y abre nuevas \u00e1reas de investigaci\u00f3n. Frente a fronteras a\u00fan inexploradas, casi parece anunciarse un \u00abnuevo mundo\u00bb. El lenguaje tambi\u00e9n cambia para el derecho: algoritmos, Inteligencia Artificial (IA), Rob\u00f3tica, \u00bfser\u00e1n estos los nuevos \u00abactores\u00bb del mundo jur\u00eddico o deber\u00edan verse m\u00e1s bien como \u00aboportunidades\u00bb para el derecho?<\/p>\n\n\n\n<p class=\"has-medium-font-size\">Si bien las ciencias humanas no guardan silencio sobre el impacto transformador de la tecnolog\u00eda digital en la sociedad, los juristas no miran sin preocupaci\u00f3n los paradigmas m\u00e1s calificados de la civilizaci\u00f3n jur\u00eddica. \u00bfCu\u00e1les son los instrumentos de derecho para garantizar y salvaguardar los logros indispensables arraigados en la dignidad humana e inscritos en los principios de libertad e igualdad, en la inviolabilidad de los derechos humanos fundamentales?<\/p>\n\n\n\n<p class=\"has-medium-font-size\">Ante el avance de un paradigma tecnocr\u00e1tico y una tecnolog\u00eda cada vez m\u00e1s capaz de \u201creinventar la naturaleza\u201d, \u00bfpodr\u00eda a\u00fan haber espacio para la protecci\u00f3n de la salud, el trabajo, la privacidad y las m\u00faltiples discriminaciones? Ante la eterna espera de justicia, este es el momento de las preguntas, con la valent\u00eda de reconocer que detr\u00e1s de los datos que codifican un algoritmo, siempre har\u00e1 falta un ser humano, con la capacidad y responsabilidad de evaluar los riesgos y ventajas, y preguntarnos, en \u00faltima instancia, qu\u00e9 es lo correcto.<\/p>\n\n\n\n<p class=\"has-medium-font-size\">Si hoy todo parece estar en entredicho, el Seminario mismo quiere ser el \u00ablugar\u00bb de discusi\u00f3n y escucha, con la valent\u00eda de abrirse al futuro con sus inc\u00f3gnitas y sus desaf\u00edos, conscientes de que ese futuro ya nos est\u00e1 confiado. en el presente.<\/p>\n\n\n\n<p><a href=\"https:\/\/forms.office.com\/r\/rdqT7jfz3k\">Formulario de inscripci\u00f3n<\/a><\/p>\n\n\n\n<figure class=\"wp-block-embed\"><div class=\"wp-block-embed__wrapper\">\nhttps:\/\/forms.office.com\/r\/rdqT7jfz3k\n<\/div><\/figure>\n\n\n\n<p><\/p>\n","protected":false},"excerpt":{"rendered":"<p>Del 9 al 11 de septiembre de 2022 tendr\u00e1 lugar en el Instituto Universitario Sophia de Loppiano (Incisa Val d&#8217;Arno) un seminario internacional titulado La dignidad de la persona en la era de los desaf\u00edos de la Inteligencia Artificial , organizado por la red Comunione e Diritto conferencia internacional de juristas, en colaboraci\u00f3n con el Centro Sophia de Investigaci\u00f3n en Pol\u00edtica y Derechos Humanos (PHR).\u00a0 <a href=\"https:\/\/www.focolaresciudadnueva.com\/inicio\/seminario-internacional-los-desafios-de-la-inteligencia-artificial\/\" class=\"more-link\">Continue reading <span class=\"screen-reader-text\">Seminario internacional Los Desaf\u00edos de la Inteligencia Artificial<\/span><\/a><\/p>\n","protected":false},"author":4,"featured_media":13401,"comment_status":"open","ping_status":"open","sticky":false,"template":"","format":"standard","meta":{"footnotes":""},"categories":[96,60],"tags":[],"class_list":["post-13400","post","type-post","status-publish","format-standard","has-post-thumbnail","hentry","category-derecho","category-dialogos-en-la-cultura"],"wpmagazine_modules_lite_featured_media_urls":{"thumbnail":["https:\/\/www.focolaresciudadnueva.com\/wp-content\/uploads\/2024\/09\/image-10-150x150.png",150,150,true],"cvmm-medium":["https:\/\/www.focolaresciudadnueva.com\/wp-content\/uploads\/2024\/09\/image-10-300x300.png",300,300,true],"cvmm-medium-plus":["https:\/\/www.focolaresciudadnueva.com\/wp-content\/uploads\/2024\/09\/image-10-305x207.png",305,207,true],"cvmm-portrait":["https:\/\/www.focolaresciudadnueva.com\/wp-content\/uploads\/2024\/09\/image-10-400x320.png",400,320,true],"cvmm-medium-square":["https:\/\/www.focolaresciudadnueva.com\/wp-content\/uploads\/2024\/09\/image-10-600x320.png",600,320,true],"cvmm-large":["https:\/\/www.focolaresciudadnueva.com\/wp-content\/uploads\/2024\/09\/image-10.png",960,320,false],"cvmm-small":["https:\/\/www.focolaresciudadnueva.com\/wp-content\/uploads\/2024\/09\/image-10-130x95.png",130,95,true],"full":["https:\/\/www.focolaresciudadnueva.com\/wp-content\/uploads\/2024\/09\/image-10.png",960,320,false]},"categories_names":{"96":{"name":"Derecho","link":"https:\/\/www.focolaresciudadnueva.com\/inicio\/category\/derecho\/"},"60":{"name":"Di\u00e1logos en la Cultura","link":"https:\/\/www.focolaresciudadnueva.com\/inicio\/category\/dialogos-en-la-cultura\/"}},"tags_names":[],"comments_number":"0","_links":{"self":[{"href":"https:\/\/www.focolaresciudadnueva.com\/inicio\/wp-json\/wp\/v2\/posts\/13400","targetHints":{"allow":["GET"]}}],"collection":[{"href":"https:\/\/www.focolaresciudadnueva.com\/inicio\/wp-json\/wp\/v2\/posts"}],"about":[{"href":"https:\/\/www.focolaresciudadnueva.com\/inicio\/wp-json\/wp\/v2\/types\/post"}],"author":[{"embeddable":true,"href":"https:\/\/www.focolaresciudadnueva.com\/inicio\/wp-json\/wp\/v2\/users\/4"}],"replies":[{"embeddable":true,"href":"https:\/\/www.focolaresciudadnueva.com\/inicio\/wp-json\/wp\/v2\/comments?post=13400"}],"version-history":[{"count":2,"href":"https:\/\/www.focolaresciudadnueva.com\/inicio\/wp-json\/wp\/v2\/posts\/13400\/revisions"}],"predecessor-version":[{"id":13404,"href":"https:\/\/www.focolaresciudadnueva.com\/inicio\/wp-json\/wp\/v2\/posts\/13400\/revisions\/13404"}],"wp:featuredmedia":[{"embeddable":true,"href":"https:\/\/www.focolaresciudadnueva.com\/inicio\/wp-json\/wp\/v2\/media\/13401"}],"wp:attachment":[{"href":"https:\/\/www.focolaresciudadnueva.com\/inicio\/wp-json\/wp\/v2\/media?parent=13400"}],"wp:term":[{"taxonomy":"category","embeddable":true,"href":"https:\/\/www.focolaresciudadnueva.com\/inicio\/wp-json\/wp\/v2\/categories?post=13400"},{"taxonomy":"post_tag","embeddable":true,"href":"https:\/\/www.focolaresciudadnueva.com\/inicio\/wp-json\/wp\/v2\/tags?post=13400"}],"curies":[{"name":"wp","href":"https:\/\/api.w.org\/{rel}","templated":true}]}}